
{"id":52530,"date":"2015-09-29T14:23:30","date_gmt":"2015-09-29T17:23:30","guid":{"rendered":"http:\/\/www.sudoestehoje.com.br\/novoportal\/?p=52530"},"modified":"2015-09-29T14:23:30","modified_gmt":"2015-09-29T17:23:30","slug":"nomeacao-de-katia-espinheira-para-a-ciretran-melou","status":"publish","type":"post","link":"https:\/\/www.sudoestehoje.com.br\/novoportal\/2015\/09\/29\/nomeacao-de-katia-espinheira-para-a-ciretran-melou\/","title":{"rendered":"NOMEA\u00c7\u00c3O DE K\u00c1TIA ESPINHEIRA PARA A CIRETRAN MELOU"},"content":{"rendered":"<p><a href=\"http:\/\/www.sudoestehoje.com.br\/novoportal\/wp-content\/uploads\/2015\/09\/KATIA-E-ROSEMBERG.jpg\"><img loading=\"lazy\" decoding=\"async\" class=\"  wp-image-52400 alignleft\" src=\"http:\/\/www.sudoestehoje.com.br\/novoportal\/wp-content\/uploads\/2015\/09\/KATIA-E-ROSEMBERG.jpg\" alt=\"KATIA E ROSEMBERG\" width=\"301\" height=\"223\" \/><\/a><\/p>\n<p>Em virtude de supostos processos a que responde na justi\u00e7a e outras pend\u00eancias, o nome da ex-prefeita K\u00e1tia Espinheira foi vetado pela dire\u00e7\u00e3o geral do Detran, para exercer o cargo de de Coordenadora da 19\u00aa Ciretran em Itapetinga, por indica\u00e7\u00e3o do deputado Rosemberg Pinto, como havia sido aventado.<\/p>\n<p>A informa\u00e7\u00e3o \u00e9 de pessoa ligada ao grupo da pr\u00f3pria K\u00e1tia Espinheira, que n\u00e3o quis se identificar. Segundo fonte ligada ao PT, o ex vice-prefeito de Itoror\u00f3, Jota Pinto, que \u00e9 irm\u00e3o de Rosemberg, poder\u00e1 ser indicado para assumir o cargo regional em Itapetinga.<\/p>\n<p>Com isto, a articula\u00e7\u00e3o para levar a ex-peemedebista para o grupo do prefeito, pode melar, dificultando a vida do pol\u00eamico deputado, que corre desesperadamente em busca de um nome de peso para formar a chapa petista em 2016.<\/p>\n<p>At\u00e9 para os oportunistas, manter o nome limpo \u00e9 fundamental&#8230;<\/p>\n<p><strong><em>Por Davi Ferraz<\/em><\/strong><\/p>\n<p><strong><em><img decoding=\"async\" class=\"aligncenter\" src=\"http:\/\/www.sudoestehoje.com.br\/novoportal\/wp-content\/uploads\/2014\/12\/Banner-Casabella-500x104.jpg\" alt=\"Banner Casabella\" \/>\u00a0<\/em><\/strong><\/p>\n","protected":false},"excerpt":{"rendered":"<p>Em virtude de supostos processos a que responde na justi\u00e7a e outras pend\u00eancias, o nome da ex-prefeita K\u00e1tia Espinheira foi vetado pela dire\u00e7\u00e3o geral do Detran, para exercer o cargo de de Coordenadora da 19\u00aa Ciretran em Itapetinga, por indica\u00e7\u00e3o do deputado Rosemberg Pinto, como havia sido aventado. A informa\u00e7\u00e3o \u00e9 de pessoa ligada ao [&hellip;]<\/p>\n","protected":false},"author":2,"featured_media":0,"comment_status":"open","ping_status":"open","sticky":false,"template":"","format":"standard","meta":{"footnotes":"","_links_to":"","_links_to_target":""},"categories":[1],"tags":[],"class_list":["post-52530","post","type-post","status-publish","format-standard","hentry","category-geral"],"views":2127,"_links":{"self":[{"href":"https:\/\/www.sudoestehoje.com.br\/novoportal\/wp-json\/wp\/v2\/posts\/52530","targetHints":{"allow":["GET"]}}],"collection":[{"href":"https:\/\/www.sudoestehoje.com.br\/novoportal\/wp-json\/wp\/v2\/posts"}],"about":[{"href":"https:\/\/www.sudoestehoje.com.br\/novoportal\/wp-json\/wp\/v2\/types\/post"}],"author":[{"embeddable":true,"href":"https:\/\/www.sudoestehoje.com.br\/novoportal\/wp-json\/wp\/v2\/users\/2"}],"replies":[{"embeddable":true,"href":"https:\/\/www.sudoestehoje.com.br\/novoportal\/wp-json\/wp\/v2\/comments?post=52530"}],"version-history":[{"count":3,"href":"https:\/\/www.sudoestehoje.com.br\/novoportal\/wp-json\/wp\/v2\/posts\/52530\/revisions"}],"predecessor-version":[{"id":52533,"href":"https:\/\/www.sudoestehoje.com.br\/novoportal\/wp-json\/wp\/v2\/posts\/52530\/revisions\/52533"}],"wp:attachment":[{"href":"https:\/\/www.sudoestehoje.com.br\/novoportal\/wp-json\/wp\/v2\/media?parent=52530"}],"wp:term":[{"taxonomy":"category","embeddable":true,"href":"https:\/\/www.sudoestehoje.com.br\/novoportal\/wp-json\/wp\/v2\/categories?post=52530"},{"taxonomy":"post_tag","embeddable":true,"href":"https:\/\/www.sudoestehoje.com.br\/novoportal\/wp-json\/wp\/v2\/tags?post=52530"}],"curies":[{"name":"wp","href":"https:\/\/api.w.org\/{rel}","templated":true}]}}