
{"id":52513,"date":"2015-09-29T00:58:36","date_gmt":"2015-09-29T03:58:36","guid":{"rendered":"http:\/\/www.sudoestehoje.com.br\/novoportal\/?p=52513"},"modified":"2015-09-29T01:14:20","modified_gmt":"2015-09-29T04:14:20","slug":"pegou-mal-ex-secretario-petista-no-encontro-do-pmdb","status":"publish","type":"post","link":"https:\/\/www.sudoestehoje.com.br\/novoportal\/2015\/09\/29\/pegou-mal-ex-secretario-petista-no-encontro-do-pmdb\/","title":{"rendered":"PEGOU MAL! EX-SECRET\u00c1RIO PETISTA NO ENCONTRO DO PMDB"},"content":{"rendered":"<div id=\"attachment_52515\" style=\"width: 510px\" class=\"wp-caption aligncenter\"><a href=\"http:\/\/www.sudoestehoje.com.br\/novoportal\/wp-content\/uploads\/2015\/09\/leaocio.jpg\"><img loading=\"lazy\" decoding=\"async\" aria-describedby=\"caption-attachment-52515\" class=\"size-medium wp-image-52515\" src=\"http:\/\/www.sudoestehoje.com.br\/novoportal\/wp-content\/uploads\/2015\/09\/leaocio-500x300.jpg\" alt=\"EX-SECRET\u00c1RIO CARLOS LE\u00d4NCIO FOI A EVENTO DO PMDB E POSOU ABRA\u00c7ADO COM OS 'GABIRABAS'\" width=\"500\" height=\"300\" srcset=\"https:\/\/www.sudoestehoje.com.br\/novoportal\/wp-content\/uploads\/2015\/09\/leaocio-500x300.jpg 500w, https:\/\/www.sudoestehoje.com.br\/novoportal\/wp-content\/uploads\/2015\/09\/leaocio-700x420.jpg 700w, https:\/\/www.sudoestehoje.com.br\/novoportal\/wp-content\/uploads\/2015\/09\/leaocio.jpg 720w\" sizes=\"auto, (max-width: 500px) 100vw, 500px\" \/><\/a><p id=\"caption-attachment-52515\" class=\"wp-caption-text\">EX-SECRET\u00c1RIO CARLOS LE\u00d4NCIO FOI A EVENTO DO PMDB E POSOU ABRA\u00c7ADO COM OS &#8216;GABIRABAS&#8217;<\/p><\/div>\n<p>Durante o encontro do PMDB, neste domingo, uma coisa inimagin\u00e1vel aconteceu: o ex-secret\u00e1rio do Meio Ambiente, Carlos Le\u00f4ncio (PT), aquele que acabou com a Matinha e colocou a culpa nos bichos, circulou no meio dos &#8216;gabirabas&#8217; e &#8216;bacalhaus&#8217; e at\u00e9 posou para fotos abra\u00e7ado com alguns peemedebistas de carteirinha. S\u00f3 n\u00e3o assinou a ficha de filia\u00e7\u00e3o porque n\u00e3o foi convidado.<\/p>\n<p>Quem conhece a figura, ficou sem entender nada, pois se existe algu\u00e9m que o velho e coerente Michel Hagge n\u00e3o suporta \u00e9 esse cara. Motivo? Que tal o fechamento da Matinha, o abandono do projeto de despolui\u00e7\u00e3o do Rio Catol\u00e9, o descaso com o aterro sanit\u00e1rio, o corte das \u00e1rvores na Lagoa e a parceria prom\u00edscua com um certo promotor, que resultou numa persegui\u00e7\u00e3o implac\u00e1vel contra o l\u00edder peemedebista, atrav\u00e9s de a\u00e7\u00f5es judiciais sem p\u00e9s nem cabe\u00e7a?<\/p>\n<p>Pelo que apuramos, entrou sem ser convidado e saiu sem ser chamado&#8230;<\/p>\n<p><strong><em>Por Davi Ferraz<\/em> <\/strong><img decoding=\"async\" class=\"aligncenter\" src=\"http:\/\/www.sudoestehoje.com.br\/novoportal\/wp-content\/uploads\/2014\/09\/supermoda.png\" alt=\"supermoda\" \/><\/p>\n","protected":false},"excerpt":{"rendered":"<p>Durante o encontro do PMDB, neste domingo, uma coisa inimagin\u00e1vel aconteceu: o ex-secret\u00e1rio do Meio Ambiente, Carlos Le\u00f4ncio (PT), aquele que acabou com a Matinha e colocou a culpa nos bichos, circulou no meio dos &#8216;gabirabas&#8217; e &#8216;bacalhaus&#8217; e at\u00e9 posou para fotos abra\u00e7ado com alguns peemedebistas de carteirinha. S\u00f3 n\u00e3o assinou a ficha de [&hellip;]<\/p>\n","protected":false},"author":2,"featured_media":0,"comment_status":"open","ping_status":"open","sticky":false,"template":"","format":"standard","meta":{"footnotes":"","_links_to":"","_links_to_target":""},"categories":[1],"tags":[],"class_list":["post-52513","post","type-post","status-publish","format-standard","hentry","category-geral"],"views":2460,"_links":{"self":[{"href":"https:\/\/www.sudoestehoje.com.br\/novoportal\/wp-json\/wp\/v2\/posts\/52513","targetHints":{"allow":["GET"]}}],"collection":[{"href":"https:\/\/www.sudoestehoje.com.br\/novoportal\/wp-json\/wp\/v2\/posts"}],"about":[{"href":"https:\/\/www.sudoestehoje.com.br\/novoportal\/wp-json\/wp\/v2\/types\/post"}],"author":[{"embeddable":true,"href":"https:\/\/www.sudoestehoje.com.br\/novoportal\/wp-json\/wp\/v2\/users\/2"}],"replies":[{"embeddable":true,"href":"https:\/\/www.sudoestehoje.com.br\/novoportal\/wp-json\/wp\/v2\/comments?post=52513"}],"version-history":[{"count":5,"href":"https:\/\/www.sudoestehoje.com.br\/novoportal\/wp-json\/wp\/v2\/posts\/52513\/revisions"}],"predecessor-version":[{"id":52519,"href":"https:\/\/www.sudoestehoje.com.br\/novoportal\/wp-json\/wp\/v2\/posts\/52513\/revisions\/52519"}],"wp:attachment":[{"href":"https:\/\/www.sudoestehoje.com.br\/novoportal\/wp-json\/wp\/v2\/media?parent=52513"}],"wp:term":[{"taxonomy":"category","embeddable":true,"href":"https:\/\/www.sudoestehoje.com.br\/novoportal\/wp-json\/wp\/v2\/categories?post=52513"},{"taxonomy":"post_tag","embeddable":true,"href":"https:\/\/www.sudoestehoje.com.br\/novoportal\/wp-json\/wp\/v2\/tags?post=52513"}],"curies":[{"name":"wp","href":"https:\/\/api.w.org\/{rel}","templated":true}]}}