
{"id":5248,"date":"2011-05-26T17:29:13","date_gmt":"2011-05-26T20:29:13","guid":{"rendered":"http:\/\/www.sudoestehoje.com.br\/novoportal\/?p=5248"},"modified":"2011-05-26T19:32:26","modified_gmt":"2011-05-26T22:32:26","slug":"cultura-com-elenco-global-a-peca-a-morte-e-uma-piada-sera-apresentada-neste-sabado-na-face","status":"publish","type":"post","link":"https:\/\/www.sudoestehoje.com.br\/novoportal\/2011\/05\/26\/cultura-com-elenco-global-a-peca-a-morte-e-uma-piada-sera-apresentada-neste-sabado-na-face\/","title":{"rendered":"CULTURA: COM ELENCO GLOBAL, A PE\u00c7A &#8220;A MORTE \u00c9 UMA PIADA&#8221; SER\u00c1 APRESENTADA NESTE S\u00c1BADO, NA FACI"},"content":{"rendered":"<p style=\"text-align: center;\"><img decoding=\"async\" class=\"aligncenter\" src=\"http:\/\/www.itapetinganet.com.br\/site\/imagens\/pea%20a%20morte.jpg\" border=\"0\" alt=\"\" width=\"400\" \/><br \/>\n<strong><em>Elenco da pe\u00e7a &#8220;A Morte \u00e9 uma Piada&#8217;<br \/>\n<\/em><\/strong><\/p>\n<p>\u00a0<\/p>\n<p><strong>A pe\u00e7a teatral, &#8220;A MORTE \u00c9 UMA PIADA&#8221;, estrelada por Renato Prieto, ator de novelas da Globo e do filme &#8216;Nosso Lar&#8217;, ser\u00e1 apresentada em Itapetinga, neste s\u00e1bado (28), na FACI,\u00a0\u00e0s 20h.<\/strong><\/p>\n<p><strong>O novo espet\u00e1culo de Renato Prieto \u00e9 uma reflex\u00e3o sobre o lado c\u00f4mico da morte. A proposta do projeto, que montou 11 espet\u00e1culos diferentes, assistidos por mais de 5 milh\u00f5es de pessoas, \u00e9 dar a oportunidade a elas de\u00a0 fazerem\u00a0 uma reflex\u00e3o s\u00e9ria sobre um tema que inquieta a todos: de onde viemos, o que estamos fazendo aqui, para onde vamos.<\/strong><\/p>\n<p><strong>Pesquisadores, grupos s\u00e9rios de estudos, a ci\u00eancia, a literatura, o cinema e o teatro est\u00e3o sempre colocando em pauta: E a vida continua? A resposta \u00e9 sim: A morte \u00e9 uma piada!<\/strong><\/p>\n<p><strong>\u00c9 imperdivel!<\/strong><\/p>\n<p><strong>Ingresso: R$40,00<\/strong><\/p>\n<p><strong>Venda Antecipada: R$20,00<\/strong><\/p>\n<p><strong>Informa\u00e7\u00f5es pelo telefone (77) 3261-3577<\/strong><\/p>\n","protected":false},"excerpt":{"rendered":"<p>Elenco da pe\u00e7a &#8220;A Morte \u00e9 uma Piada&#8217; \u00a0 A pe\u00e7a teatral, &#8220;A MORTE \u00c9 UMA PIADA&#8221;, estrelada por Renato Prieto, ator de novelas da Globo e do filme &#8216;Nosso Lar&#8217;, ser\u00e1 apresentada em Itapetinga, neste s\u00e1bado (28), na FACI,\u00a0\u00e0s 20h. O novo espet\u00e1culo de Renato Prieto \u00e9 uma reflex\u00e3o sobre o lado c\u00f4mico da [&hellip;]<\/p>\n","protected":false},"author":2,"featured_media":0,"comment_status":"open","ping_status":"open","sticky":false,"template":"","format":"standard","meta":{"footnotes":"","_links_to":"","_links_to_target":""},"categories":[1],"tags":[],"class_list":["post-5248","post","type-post","status-publish","format-standard","hentry","category-geral"],"views":1182,"_links":{"self":[{"href":"https:\/\/www.sudoestehoje.com.br\/novoportal\/wp-json\/wp\/v2\/posts\/5248","targetHints":{"allow":["GET"]}}],"collection":[{"href":"https:\/\/www.sudoestehoje.com.br\/novoportal\/wp-json\/wp\/v2\/posts"}],"about":[{"href":"https:\/\/www.sudoestehoje.com.br\/novoportal\/wp-json\/wp\/v2\/types\/post"}],"author":[{"embeddable":true,"href":"https:\/\/www.sudoestehoje.com.br\/novoportal\/wp-json\/wp\/v2\/users\/2"}],"replies":[{"embeddable":true,"href":"https:\/\/www.sudoestehoje.com.br\/novoportal\/wp-json\/wp\/v2\/comments?post=5248"}],"version-history":[{"count":6,"href":"https:\/\/www.sudoestehoje.com.br\/novoportal\/wp-json\/wp\/v2\/posts\/5248\/revisions"}],"predecessor-version":[{"id":5260,"href":"https:\/\/www.sudoestehoje.com.br\/novoportal\/wp-json\/wp\/v2\/posts\/5248\/revisions\/5260"}],"wp:attachment":[{"href":"https:\/\/www.sudoestehoje.com.br\/novoportal\/wp-json\/wp\/v2\/media?parent=5248"}],"wp:term":[{"taxonomy":"category","embeddable":true,"href":"https:\/\/www.sudoestehoje.com.br\/novoportal\/wp-json\/wp\/v2\/categories?post=5248"},{"taxonomy":"post_tag","embeddable":true,"href":"https:\/\/www.sudoestehoje.com.br\/novoportal\/wp-json\/wp\/v2\/tags?post=5248"}],"curies":[{"name":"wp","href":"https:\/\/api.w.org\/{rel}","templated":true}]}}