
{"id":52470,"date":"2015-09-25T23:53:08","date_gmt":"2015-09-26T02:53:08","guid":{"rendered":"http:\/\/www.sudoestehoje.com.br\/novoportal\/?p=52470"},"modified":"2015-09-25T23:53:08","modified_gmt":"2015-09-26T02:53:08","slug":"prefeito-de-itabuna-desiste-de-concorrer-a-reeleicao-em-2016","status":"publish","type":"post","link":"https:\/\/www.sudoestehoje.com.br\/novoportal\/2015\/09\/25\/prefeito-de-itabuna-desiste-de-concorrer-a-reeleicao-em-2016\/","title":{"rendered":"PREFEITO DE ITABUNA DESISTE DE CONCORRER \u00c0 REELEI\u00c7\u00c3O EM 2016"},"content":{"rendered":"<p><a href=\"http:\/\/www.sudoestehoje.com.br\/novoportal\/wp-content\/uploads\/2015\/09\/vane.jpg\"><img loading=\"lazy\" decoding=\"async\" class=\"aligncenter size-medium wp-image-52471\" src=\"http:\/\/www.sudoestehoje.com.br\/novoportal\/wp-content\/uploads\/2015\/09\/vane-500x271.jpg\" alt=\"vane\" width=\"500\" height=\"271\" srcset=\"https:\/\/www.sudoestehoje.com.br\/novoportal\/wp-content\/uploads\/2015\/09\/vane-500x271.jpg 500w, https:\/\/www.sudoestehoje.com.br\/novoportal\/wp-content\/uploads\/2015\/09\/vane.jpg 590w\" sizes=\"auto, (max-width: 500px) 100vw, 500px\" \/><\/a><\/p>\n<p>Amargando p\u00e9ssimos \u00edndices de popularidade, o prefeito de Itabuna, Vane do Renascer (PRB), acaba de anunciar, em coletiva, que n\u00e3o disputar\u00e1 a reelei\u00e7\u00e3o em 2016. Ele frustrou as expectativas, no entanto, daqueles que aguardavam uma manifesta\u00e7\u00e3o autom\u00e1tica de apoio \u00e0 pr\u00e9-candidatura a prefeito da cidade do deputado federal Davidson Magalh\u00e3es (PCdoB).<\/p>\n<p>Dois motivos s\u00e3o atribu\u00eddos ao recuo de Vane em rela\u00e7\u00e3o a Davidson: o primeiro \u00e9 um poss\u00edvel apelo do governo do Estado, que j\u00e1 mostrou em algumas ocasi\u00f5es n\u00e3o estar fechado com a candidatura do deputado federal. O segundo \u00e9 uma tentativa de Vane de evitar o esfacelamento de sua base por causa da sucess\u00e3o de 2016 com praticamente dois anos de anteced\u00eancia.<\/p>\n<p>Suplente que ascendeu \u00e0 condi\u00e7\u00e3o de deputado por for\u00e7a de uma manobra volunt\u00e1ria do governador Rui Costa (PT), Davidson vem recebendo sinaliza\u00e7\u00f5es h\u00e1 algum tempo de desprestigio por parte do governo. A \u00faltima delas foi a perda do comando da Ciretran na cidade, o que o levou a fazer um forte discurso contra a articula\u00e7\u00e3o pol\u00edtica do governador, o deputado estadual Rosemberg Pinto e o PT, ampliando assim seu distanciamento do governo. Pol\u00edtica Livre<\/p>\n<p><img decoding=\"async\" class=\"aligncenter\" src=\"http:\/\/www.sudoestehoje.com.br\/novoportal\/wp-content\/uploads\/2014\/07\/Feira-do-Lar-1.png\" alt=\"Feira-do-Lar (1)\" \/><\/p>\n","protected":false},"excerpt":{"rendered":"<p>Amargando p\u00e9ssimos \u00edndices de popularidade, o prefeito de Itabuna, Vane do Renascer (PRB), acaba de anunciar, em coletiva, que n\u00e3o disputar\u00e1 a reelei\u00e7\u00e3o em 2016. Ele frustrou as expectativas, no entanto, daqueles que aguardavam uma manifesta\u00e7\u00e3o autom\u00e1tica de apoio \u00e0 pr\u00e9-candidatura a prefeito da cidade do deputado federal Davidson Magalh\u00e3es (PCdoB). Dois motivos s\u00e3o atribu\u00eddos [&hellip;]<\/p>\n","protected":false},"author":2,"featured_media":0,"comment_status":"open","ping_status":"open","sticky":false,"template":"","format":"standard","meta":{"footnotes":"","_links_to":"","_links_to_target":""},"categories":[1],"tags":[],"class_list":["post-52470","post","type-post","status-publish","format-standard","hentry","category-geral"],"views":2180,"_links":{"self":[{"href":"https:\/\/www.sudoestehoje.com.br\/novoportal\/wp-json\/wp\/v2\/posts\/52470","targetHints":{"allow":["GET"]}}],"collection":[{"href":"https:\/\/www.sudoestehoje.com.br\/novoportal\/wp-json\/wp\/v2\/posts"}],"about":[{"href":"https:\/\/www.sudoestehoje.com.br\/novoportal\/wp-json\/wp\/v2\/types\/post"}],"author":[{"embeddable":true,"href":"https:\/\/www.sudoestehoje.com.br\/novoportal\/wp-json\/wp\/v2\/users\/2"}],"replies":[{"embeddable":true,"href":"https:\/\/www.sudoestehoje.com.br\/novoportal\/wp-json\/wp\/v2\/comments?post=52470"}],"version-history":[{"count":1,"href":"https:\/\/www.sudoestehoje.com.br\/novoportal\/wp-json\/wp\/v2\/posts\/52470\/revisions"}],"predecessor-version":[{"id":52472,"href":"https:\/\/www.sudoestehoje.com.br\/novoportal\/wp-json\/wp\/v2\/posts\/52470\/revisions\/52472"}],"wp:attachment":[{"href":"https:\/\/www.sudoestehoje.com.br\/novoportal\/wp-json\/wp\/v2\/media?parent=52470"}],"wp:term":[{"taxonomy":"category","embeddable":true,"href":"https:\/\/www.sudoestehoje.com.br\/novoportal\/wp-json\/wp\/v2\/categories?post=52470"},{"taxonomy":"post_tag","embeddable":true,"href":"https:\/\/www.sudoestehoje.com.br\/novoportal\/wp-json\/wp\/v2\/tags?post=52470"}],"curies":[{"name":"wp","href":"https:\/\/api.w.org\/{rel}","templated":true}]}}