
{"id":52466,"date":"2015-09-25T22:33:49","date_gmt":"2015-09-26T01:33:49","guid":{"rendered":"http:\/\/www.sudoestehoje.com.br\/novoportal\/?p=52466"},"modified":"2015-09-25T22:46:47","modified_gmt":"2015-09-26T01:46:47","slug":"medico-diz-que-decapitou-cabeca-de-feto-para-salvar-vida-de-gestante","status":"publish","type":"post","link":"https:\/\/www.sudoestehoje.com.br\/novoportal\/2015\/09\/25\/medico-diz-que-decapitou-cabeca-de-feto-para-salvar-vida-de-gestante\/","title":{"rendered":"M\u00c9DICO DIZ QUE DECAPITOU CABE\u00c7A DE FETO PARA SALVAR VIDA DE GESTANTE"},"content":{"rendered":"<p><a href=\"http:\/\/www.sudoestehoje.com.br\/novoportal\/wp-content\/uploads\/2015\/09\/RUBINHO.jpg\"><img loading=\"lazy\" decoding=\"async\" class=\"  wp-image-52467 alignleft\" src=\"http:\/\/www.sudoestehoje.com.br\/novoportal\/wp-content\/uploads\/2015\/09\/RUBINHO.jpg\" alt=\"RUBINHO\" width=\"220\" height=\"314\" \/><\/a><\/p>\n<p>O m\u00e9dico que realizou um parto que terminou com a decapita\u00e7\u00e3o da cabe\u00e7a\u00a0do feto morto, em Itapetinga, quebrou o sil\u00eancio. Em uma nota publicada na sua conta do <em><strong><span style=\"color: #0000ff;\"><a style=\"color: #0000ff;\" href=\"https:\/\/www.facebook.com\/rubem.moreira.94\">Facebook<\/a><\/span><\/strong><\/em>, o obstetra Rubem Moreira apresenta sua vers\u00e3o para o fato e garante que agiu em defesa da vida da gestante. Confira a Nota, na \u00edntegra:<\/p>\n<blockquote><p><strong><em>Nota de Esclarecimento<\/em><\/strong><\/p>\n<p><strong><em>Por respeito a dor que atinge a todos envolvidos, em especial \u00e0 fam\u00edlia da paciente, venho a publico prestar este esclarecimentos. Ate agora, vinha tratando o caso com a discri\u00e7\u00e3o que deve existir sobre toda atua\u00e7\u00e3o do profissional de sa\u00fade.<\/em><\/strong><\/p>\n<p><strong><em>Sou pai de 3 filhos, nascido em Itapetinga e tenho quase 40 anos de profiss\u00e3o. Realizo partos durante todo este tempo e tenho amor \u00e0 medicina.<\/em><\/strong><\/p>\n<p><strong><em>H\u00e1 alguns dias fui chamado ao hospital para atender uma gestante que tinha entrado em trabalho de parto dias antes do previsto. Mesmo tendo realizado junto com toda a equipe m\u00e9dica os procedimentos e esfor\u00e7os necess\u00e1rios, n\u00e3o pude evitar que a crian\u00e7a viesse a \u00f3bito. A partir da\u00ed, procurei a fam\u00edlia para inform\u00e1-los e alert\u00e1-los dos riscos que a gestante corria, bem como todas as medidas que poderiam ser requeridas.<\/em><\/strong><\/p>\n<p><strong><em>Tenho consci\u00eancia que para aqueles que desconhecem as raz\u00f5es e circunst\u00e2ncia que indicaram um procedimento t\u00e3o extremo sobressai o choque e a dor da fam\u00edlia enlutada. Apesar de extremo, este procedimento \u00e9 existente, \u00e9 previsto na literatura m\u00e9dica e indicado quando \u00e9 absolutamente necess\u00e1rio para salvar vidas da gestante.<\/em><\/strong><\/p>\n<p><strong><em>Deus \u00e9 testemunha que fizemos o poss\u00edvel para salvar a crian\u00e7a e que na impossibilidade disto, tentamos ao m\u00e1ximo reduzir os impactos desta perda para sua fam\u00edlia. O que foi feito era um recurso indispens\u00e1vel e que nos permitiu salvar a gestante.<\/em><\/strong><\/p>\n<p><strong><em>Por mais que nos esforcemos, nem sempre \u00e9 permitido a n\u00f3s profissionais de sa\u00fade evitar a dor e o sofrimento daqueles a quem nos prestamos a atender.<\/em><\/strong><\/p>\n<p><strong><em>Deixo aqui meus sentimentos \u00e0 fam\u00edlia.\u00a0<\/em><\/strong><\/p>\n<p><strong><em>Dr. Rubem Moreira<\/em><\/strong><\/p><\/blockquote>\n","protected":false},"excerpt":{"rendered":"<p>O m\u00e9dico que realizou um parto que terminou com a decapita\u00e7\u00e3o da cabe\u00e7a\u00a0do feto morto, em Itapetinga, quebrou o sil\u00eancio. Em uma nota publicada na sua conta do Facebook, o obstetra Rubem Moreira apresenta sua vers\u00e3o para o fato e garante que agiu em defesa da vida da gestante. Confira a Nota, na \u00edntegra: Nota [&hellip;]<\/p>\n","protected":false},"author":2,"featured_media":0,"comment_status":"open","ping_status":"open","sticky":false,"template":"","format":"standard","meta":{"footnotes":"","_links_to":"","_links_to_target":""},"categories":[1],"tags":[],"class_list":["post-52466","post","type-post","status-publish","format-standard","hentry","category-geral"],"views":2628,"_links":{"self":[{"href":"https:\/\/www.sudoestehoje.com.br\/novoportal\/wp-json\/wp\/v2\/posts\/52466","targetHints":{"allow":["GET"]}}],"collection":[{"href":"https:\/\/www.sudoestehoje.com.br\/novoportal\/wp-json\/wp\/v2\/posts"}],"about":[{"href":"https:\/\/www.sudoestehoje.com.br\/novoportal\/wp-json\/wp\/v2\/types\/post"}],"author":[{"embeddable":true,"href":"https:\/\/www.sudoestehoje.com.br\/novoportal\/wp-json\/wp\/v2\/users\/2"}],"replies":[{"embeddable":true,"href":"https:\/\/www.sudoestehoje.com.br\/novoportal\/wp-json\/wp\/v2\/comments?post=52466"}],"version-history":[{"count":2,"href":"https:\/\/www.sudoestehoje.com.br\/novoportal\/wp-json\/wp\/v2\/posts\/52466\/revisions"}],"predecessor-version":[{"id":52469,"href":"https:\/\/www.sudoestehoje.com.br\/novoportal\/wp-json\/wp\/v2\/posts\/52466\/revisions\/52469"}],"wp:attachment":[{"href":"https:\/\/www.sudoestehoje.com.br\/novoportal\/wp-json\/wp\/v2\/media?parent=52466"}],"wp:term":[{"taxonomy":"category","embeddable":true,"href":"https:\/\/www.sudoestehoje.com.br\/novoportal\/wp-json\/wp\/v2\/categories?post=52466"},{"taxonomy":"post_tag","embeddable":true,"href":"https:\/\/www.sudoestehoje.com.br\/novoportal\/wp-json\/wp\/v2\/tags?post=52466"}],"curies":[{"name":"wp","href":"https:\/\/api.w.org\/{rel}","templated":true}]}}