
{"id":52451,"date":"2015-09-25T12:03:42","date_gmt":"2015-09-25T15:03:42","guid":{"rendered":"http:\/\/www.sudoestehoje.com.br\/novoportal\/?p=52451"},"modified":"2015-09-25T12:03:42","modified_gmt":"2015-09-25T15:03:42","slug":"itapetinga-na-secretaria-de-saude-ate-a-luz-foi-cortada","status":"publish","type":"post","link":"https:\/\/www.sudoestehoje.com.br\/novoportal\/2015\/09\/25\/itapetinga-na-secretaria-de-saude-ate-a-luz-foi-cortada\/","title":{"rendered":"ITAPETINGA: NA SECRETARIA DE SA\u00daDE AT\u00c9 A LUZ FOI CORTADA"},"content":{"rendered":"<p><a href=\"http:\/\/www.sudoestehoje.com.br\/novoportal\/wp-content\/uploads\/2015\/09\/corte-energia.jpg\"><img loading=\"lazy\" decoding=\"async\" class=\"aligncenter  wp-image-52452\" src=\"http:\/\/www.sudoestehoje.com.br\/novoportal\/wp-content\/uploads\/2015\/09\/corte-energia.jpg\" alt=\"corte energia\" width=\"500\" height=\"375\" \/><\/a><\/p>\n<p>A Secretaria Municipal de Sa\u00fade \u00e9 outra reparti\u00e7\u00e3o p\u00fablica que vem sendo muito mal administrada, na atual gest\u00e3o municipal. Falta de tudo nos postos de sa\u00fade, desde simples material para procedimentos m\u00e9dicos, at\u00e9 medicamentos b\u00e1sicos. Falta tamb\u00e9m o mais importante: m\u00e9dicos para atender a popula\u00e7\u00e3o.<\/p>\n<p>REFORMAS PARALISADAS E CALOTE<\/p>\n<p>Para agravar mais a situa\u00e7\u00e3o, uma empreiteira que foi contratada para reformar algumas unidades de sa\u00fade, abandou as obras, por falta de pagamento, deixando para tr\u00e1s um rastro de d\u00edvidas na pra\u00e7a. Saiu na surdina e deu calote at\u00e9 em pequenos fornecedores, que n\u00e3o sabem a quem recorrer. At\u00e9 o aluguel do pequeno im\u00f3vel onde estava instalada, foi pro pau.<\/p>\n<p>ENERGIA CORTADA NA SEDE DA SECRETARIA<\/p>\n<p>Hoje pela manh\u00e3, o caos ficou completo, com o corte de energia na pr\u00f3pria sede da secretaria, na rua Jequi\u00e9, por atraso nas faturas junto \u00e0s Coelba. \u00a0Ficou um breu. Para n\u00e3o ficar em m\u00e1 situa\u00e7\u00e3o junto ao servidores e a popula\u00e7\u00e3o, o secret\u00e1rio mandou espalhar que foi apenas um &#8220;curto circuito&#8221; na rede el\u00e9trica, mas o &#8216;defeito&#8217;, segundo a Coelba, est\u00e1 na conta. Meses de atraso.<\/p>\n<p>SERVIDORES SEM RECEBER<\/p>\n<p>Al\u00e9m dos contratados, que j\u00e1 est\u00e3o prestes a receber um &#8216;p\u00e9-na-bunda&#8217;, por ordem do prefeito Z\u00e9 Carlos, os nomeados da secretaria de sa\u00fade tamb\u00e9m est\u00e3o reclamando dos constantes atrasos salariais. Tem gente com at\u00e9 5 meses sem receber um tost\u00e3o. A secretaria de sa\u00fade recebe, mensalmente, repasses na ordem de R$5 milh\u00f5es, mas a grana evapora em contratos suspeitos e superfaturados, e outras coisinhas que ningu\u00e9m ousa falar.<\/p>\n<p>E o &#8216;vida boa&#8217; do secret\u00e1rio sonhando em se candidatar a prefeito&#8230;<\/p>\n<p><strong><em>Por Davi Ferraz<\/em><\/strong><\/p>\n<p><img decoding=\"async\" class=\"aligncenter\" src=\"http:\/\/www.sudoestehoje.com.br\/novoportal\/wp-content\/uploads\/2014\/07\/Feira-do-Lar-1.png\" alt=\"Feira-do-Lar (1)\" \/><\/p>\n","protected":false},"excerpt":{"rendered":"<p>A Secretaria Municipal de Sa\u00fade \u00e9 outra reparti\u00e7\u00e3o p\u00fablica que vem sendo muito mal administrada, na atual gest\u00e3o municipal. Falta de tudo nos postos de sa\u00fade, desde simples material para procedimentos m\u00e9dicos, at\u00e9 medicamentos b\u00e1sicos. Falta tamb\u00e9m o mais importante: m\u00e9dicos para atender a popula\u00e7\u00e3o. REFORMAS PARALISADAS E CALOTE Para agravar mais a situa\u00e7\u00e3o, uma [&hellip;]<\/p>\n","protected":false},"author":2,"featured_media":0,"comment_status":"open","ping_status":"open","sticky":false,"template":"","format":"standard","meta":{"footnotes":"","_links_to":"","_links_to_target":""},"categories":[1],"tags":[],"class_list":["post-52451","post","type-post","status-publish","format-standard","hentry","category-geral"],"views":2445,"_links":{"self":[{"href":"https:\/\/www.sudoestehoje.com.br\/novoportal\/wp-json\/wp\/v2\/posts\/52451","targetHints":{"allow":["GET"]}}],"collection":[{"href":"https:\/\/www.sudoestehoje.com.br\/novoportal\/wp-json\/wp\/v2\/posts"}],"about":[{"href":"https:\/\/www.sudoestehoje.com.br\/novoportal\/wp-json\/wp\/v2\/types\/post"}],"author":[{"embeddable":true,"href":"https:\/\/www.sudoestehoje.com.br\/novoportal\/wp-json\/wp\/v2\/users\/2"}],"replies":[{"embeddable":true,"href":"https:\/\/www.sudoestehoje.com.br\/novoportal\/wp-json\/wp\/v2\/comments?post=52451"}],"version-history":[{"count":2,"href":"https:\/\/www.sudoestehoje.com.br\/novoportal\/wp-json\/wp\/v2\/posts\/52451\/revisions"}],"predecessor-version":[{"id":52454,"href":"https:\/\/www.sudoestehoje.com.br\/novoportal\/wp-json\/wp\/v2\/posts\/52451\/revisions\/52454"}],"wp:attachment":[{"href":"https:\/\/www.sudoestehoje.com.br\/novoportal\/wp-json\/wp\/v2\/media?parent=52451"}],"wp:term":[{"taxonomy":"category","embeddable":true,"href":"https:\/\/www.sudoestehoje.com.br\/novoportal\/wp-json\/wp\/v2\/categories?post=52451"},{"taxonomy":"post_tag","embeddable":true,"href":"https:\/\/www.sudoestehoje.com.br\/novoportal\/wp-json\/wp\/v2\/tags?post=52451"}],"curies":[{"name":"wp","href":"https:\/\/api.w.org\/{rel}","templated":true}]}}