
{"id":52447,"date":"2015-09-24T20:42:07","date_gmt":"2015-09-24T23:42:07","guid":{"rendered":"http:\/\/www.sudoestehoje.com.br\/novoportal\/?p=52447"},"modified":"2015-09-24T20:42:07","modified_gmt":"2015-09-24T23:42:07","slug":"itapetinga-mega-operacao-da-policia-civil-prende-11-envolvidos-no-trafico-homicidios-e-roubos","status":"publish","type":"post","link":"https:\/\/www.sudoestehoje.com.br\/novoportal\/2015\/09\/24\/itapetinga-mega-operacao-da-policia-civil-prende-11-envolvidos-no-trafico-homicidios-e-roubos\/","title":{"rendered":"ITAPETINGA: MEGA OPERA\u00c7\u00c3O DA POL\u00cdCIA CIVIL PRENDE 11 ENVOLVIDOS NO TR\u00c1FICO, HOMIC\u00cdDIOS E ROUBOS"},"content":{"rendered":"<div id=\"attachment_52448\" style=\"width: 510px\" class=\"wp-caption aligncenter\"><a href=\"http:\/\/www.sudoestehoje.com.br\/novoportal\/wp-content\/uploads\/2015\/09\/OPERA\u00c7\u00c3O-PRIMAVERA-5.jpg\"><img loading=\"lazy\" decoding=\"async\" aria-describedby=\"caption-attachment-52448\" class=\"size-medium wp-image-52448\" src=\"http:\/\/www.sudoestehoje.com.br\/novoportal\/wp-content\/uploads\/2015\/09\/OPERA\u00c7\u00c3O-PRIMAVERA-5-500x300.jpg\" alt=\"Foto: Itapetinga na M\u00eddia\" width=\"500\" height=\"300\" \/><\/a><p id=\"caption-attachment-52448\" class=\"wp-caption-text\">Foto: Itapetinga na M\u00eddia<\/p><\/div>\n<p>Na madrugada desta quinta-feira (24), a Pol\u00edcia Civil de Itapetinga, em conjunto com a Delegacia de Repress\u00e3o e Combate ao Crime Organizado (DRACO), de Vit\u00f3ria da Conquista, deflagraram uma mega opera\u00e7\u00e3o, como o objetivo de cumprir mandados de pris\u00e3o e Busca e apreens\u00e3o contra criminosos envolvidos no tr\u00e1fico de drogas, associa\u00e7\u00e3o para o tr\u00e1fico e homic\u00eddios.<\/p>\n<p>Onze\u00a0indiv\u00edduos foram presos durante a opera\u00e7\u00e3o, intitulada \u2018Primavera\u2019. Entre eles, os traficantes Osvaldino de Jesus Oliveira, vulgo Bil\u00fa, 40 anos, Adriano Pereira Martins, 19 anos e Jordan Carvalho dos Santos.<\/p>\n<p>Os demais indiv\u00edduos foram autuados por crimes de tr\u00e1fico de drogas, posse irregular de arma de fogo e associa\u00e7\u00e3o para o tr\u00e1fico de drogas. Os Flagrantes e Procedimentos est\u00e3o sendo lavrados na sede da Coordenadoria Regional da 21\u00aa Coordena\u00e7\u00e3o de Pol\u00edcia do Interior, de Itapetinga.<\/p>\n<p><img decoding=\"async\" class=\"aligncenter\" src=\"http:\/\/www.sudoestehoje.com.br\/novoportal\/wp-content\/uploads\/2015\/07\/%C3%93TICA-ITAPUAN-BANNER1-500x179.jpg\" alt=\"\u00d3TICA-ITAPUAN-BANNER1\" \/><\/p>\n","protected":false},"excerpt":{"rendered":"<p>Na madrugada desta quinta-feira (24), a Pol\u00edcia Civil de Itapetinga, em conjunto com a Delegacia de Repress\u00e3o e Combate ao Crime Organizado (DRACO), de Vit\u00f3ria da Conquista, deflagraram uma mega opera\u00e7\u00e3o, como o objetivo de cumprir mandados de pris\u00e3o e Busca e apreens\u00e3o contra criminosos envolvidos no tr\u00e1fico de drogas, associa\u00e7\u00e3o para o tr\u00e1fico e [&hellip;]<\/p>\n","protected":false},"author":2,"featured_media":0,"comment_status":"open","ping_status":"open","sticky":false,"template":"","format":"standard","meta":{"footnotes":"","_links_to":"","_links_to_target":""},"categories":[1],"tags":[],"class_list":["post-52447","post","type-post","status-publish","format-standard","hentry","category-geral"],"views":2810,"_links":{"self":[{"href":"https:\/\/www.sudoestehoje.com.br\/novoportal\/wp-json\/wp\/v2\/posts\/52447","targetHints":{"allow":["GET"]}}],"collection":[{"href":"https:\/\/www.sudoestehoje.com.br\/novoportal\/wp-json\/wp\/v2\/posts"}],"about":[{"href":"https:\/\/www.sudoestehoje.com.br\/novoportal\/wp-json\/wp\/v2\/types\/post"}],"author":[{"embeddable":true,"href":"https:\/\/www.sudoestehoje.com.br\/novoportal\/wp-json\/wp\/v2\/users\/2"}],"replies":[{"embeddable":true,"href":"https:\/\/www.sudoestehoje.com.br\/novoportal\/wp-json\/wp\/v2\/comments?post=52447"}],"version-history":[{"count":2,"href":"https:\/\/www.sudoestehoje.com.br\/novoportal\/wp-json\/wp\/v2\/posts\/52447\/revisions"}],"predecessor-version":[{"id":52450,"href":"https:\/\/www.sudoestehoje.com.br\/novoportal\/wp-json\/wp\/v2\/posts\/52447\/revisions\/52450"}],"wp:attachment":[{"href":"https:\/\/www.sudoestehoje.com.br\/novoportal\/wp-json\/wp\/v2\/media?parent=52447"}],"wp:term":[{"taxonomy":"category","embeddable":true,"href":"https:\/\/www.sudoestehoje.com.br\/novoportal\/wp-json\/wp\/v2\/categories?post=52447"},{"taxonomy":"post_tag","embeddable":true,"href":"https:\/\/www.sudoestehoje.com.br\/novoportal\/wp-json\/wp\/v2\/tags?post=52447"}],"curies":[{"name":"wp","href":"https:\/\/api.w.org\/{rel}","templated":true}]}}