
{"id":52422,"date":"2015-09-23T18:36:25","date_gmt":"2015-09-23T21:36:25","guid":{"rendered":"http:\/\/www.sudoestehoje.com.br\/novoportal\/?p=52422"},"modified":"2015-09-23T18:37:51","modified_gmt":"2015-09-23T21:37:51","slug":"52422","status":"publish","type":"post","link":"https:\/\/www.sudoestehoje.com.br\/novoportal\/2015\/09\/23\/52422\/","title":{"rendered":"IBICU\u00cd: PR\u00c9-CANDIDATO A PREFEITO MARCOS GALV\u00c3O DEIXA O PT"},"content":{"rendered":"<p><a href=\"http:\/\/www.sudoestehoje.com.br\/novoportal\/wp-content\/uploads\/2015\/09\/marcos-g.jpg\"><img loading=\"lazy\" decoding=\"async\" class=\"aligncenter  wp-image-52423\" src=\"http:\/\/www.sudoestehoje.com.br\/novoportal\/wp-content\/uploads\/2015\/09\/marcos-g.jpg\" alt=\"marcos g\" width=\"500\" height=\"395\" \/><\/a><\/p>\n<p>O pr\u00e9-candidato a prefeito de Ibicu\u00ed, Marcos Galv\u00e3o, decidiu sair do PT e dever\u00e1, nos pr\u00f3ximos dias, comunicar a sua nova filia\u00e7\u00e3o partid\u00e1ria. Marcos, que tamb\u00e9m \u00e9 produtor do Brega Light, \u00e9 o principal nome da oposi\u00e7\u00e3o no munic\u00edpio de Ibicu\u00ed e est\u00e1 sendo cobi\u00e7ado por v\u00e1rios partidos, tanto da base do governo, quanto da oposi\u00e7\u00e3o.<\/p>\n<p>Em 2014, quando Rui Costa (PT) aparecia com apenas 6% nas pesquisas, Marcos Galv\u00e3o apoiou e coordenou a sua candidatura em Ibicu\u00ed. Entretanto, ap\u00f3s a elei\u00e7\u00e3o de Rui, o deputado estadual Rosemberg Pinto (PT) decidiu apoiar a prefeita Gilnay Santana (PT), que tinha apoiado Paulo Souto (DEM).<\/p>\n<p>Essa \u00e9 a segunda baixa do PT na regi\u00e3o. Na semana passada o vice-prefeito de Itapetinga, Al\u00e9cio Chaves, saiu do PT e se filiou ao PSD e ser\u00e1 candidato a prefeito. Informa\u00e7\u00f5es do Pol\u00edticos do Sul<\/p>\n<p><img decoding=\"async\" class=\"aligncenter\" src=\"http:\/\/www.sudoestehoje.com.br\/novoportal\/wp-content\/uploads\/2014\/09\/supermoda.png\" alt=\"supermoda\" \/><\/p>\n","protected":false},"excerpt":{"rendered":"<p>O pr\u00e9-candidato a prefeito de Ibicu\u00ed, Marcos Galv\u00e3o, decidiu sair do PT e dever\u00e1, nos pr\u00f3ximos dias, comunicar a sua nova filia\u00e7\u00e3o partid\u00e1ria. Marcos, que tamb\u00e9m \u00e9 produtor do Brega Light, \u00e9 o principal nome da oposi\u00e7\u00e3o no munic\u00edpio de Ibicu\u00ed e est\u00e1 sendo cobi\u00e7ado por v\u00e1rios partidos, tanto da base do governo, quanto da [&hellip;]<\/p>\n","protected":false},"author":2,"featured_media":0,"comment_status":"open","ping_status":"open","sticky":false,"template":"","format":"standard","meta":{"footnotes":"","_links_to":"","_links_to_target":""},"categories":[1],"tags":[],"class_list":["post-52422","post","type-post","status-publish","format-standard","hentry","category-geral"],"views":2149,"_links":{"self":[{"href":"https:\/\/www.sudoestehoje.com.br\/novoportal\/wp-json\/wp\/v2\/posts\/52422","targetHints":{"allow":["GET"]}}],"collection":[{"href":"https:\/\/www.sudoestehoje.com.br\/novoportal\/wp-json\/wp\/v2\/posts"}],"about":[{"href":"https:\/\/www.sudoestehoje.com.br\/novoportal\/wp-json\/wp\/v2\/types\/post"}],"author":[{"embeddable":true,"href":"https:\/\/www.sudoestehoje.com.br\/novoportal\/wp-json\/wp\/v2\/users\/2"}],"replies":[{"embeddable":true,"href":"https:\/\/www.sudoestehoje.com.br\/novoportal\/wp-json\/wp\/v2\/comments?post=52422"}],"version-history":[{"count":4,"href":"https:\/\/www.sudoestehoje.com.br\/novoportal\/wp-json\/wp\/v2\/posts\/52422\/revisions"}],"predecessor-version":[{"id":52427,"href":"https:\/\/www.sudoestehoje.com.br\/novoportal\/wp-json\/wp\/v2\/posts\/52422\/revisions\/52427"}],"wp:attachment":[{"href":"https:\/\/www.sudoestehoje.com.br\/novoportal\/wp-json\/wp\/v2\/media?parent=52422"}],"wp:term":[{"taxonomy":"category","embeddable":true,"href":"https:\/\/www.sudoestehoje.com.br\/novoportal\/wp-json\/wp\/v2\/categories?post=52422"},{"taxonomy":"post_tag","embeddable":true,"href":"https:\/\/www.sudoestehoje.com.br\/novoportal\/wp-json\/wp\/v2\/tags?post=52422"}],"curies":[{"name":"wp","href":"https:\/\/api.w.org\/{rel}","templated":true}]}}