
{"id":524,"date":"2010-07-21T18:31:52","date_gmt":"2010-07-21T21:31:52","guid":{"rendered":"http:\/\/sudoestehoje.tempsite.ws\/novoportal\/?p=524"},"modified":"2010-09-22T16:32:17","modified_gmt":"2010-09-22T19:32:17","slug":"wagner-avisa-que-nao-vai-ao-debate-da-upb","status":"publish","type":"post","link":"https:\/\/www.sudoestehoje.com.br\/novoportal\/2010\/07\/21\/wagner-avisa-que-nao-vai-ao-debate-da-upb\/","title":{"rendered":"WAGNER AVISA QUE N\u00c3O VAI AO DEBATE DA UPB"},"content":{"rendered":"<p>A coordena\u00e7\u00e3o da Coliga\u00e7\u00e3o \u201cPra Bahia Seguir em  Frente\u201d, que tem como candidato o governador Jaques Wagner (PT),  divulgou\u00a0nota confirmando que ele n\u00e3o participar\u00e1 do debate da UPB. A  nota reitera o \u201cprofundo respeito\u201d que o governador tem pela Uni\u00e3o dos  Munic\u00edpios da Bahia (UPB), elogia a decis\u00e3o da entidade de realizar um  debate entre os candidatos a governador, mas reafirma a impossibilidade  do petista participar do confronto com os demais candidatos\u00a0por  compromissos assumidos anteriormente. A coordena\u00e7\u00e3o disse ainda que o  governador ir\u00e1 participar de diversos debates de \u00f3rg\u00e3os de comunica\u00e7\u00e3o  para os quais foi convidado com anteced\u00eancia.<\/p>\n<p>J\u00e1  os principais advers\u00e1rios do governador Jaques Wagner (PT) na disputa  estadual, Paulo Souto (DEM), Geddel Vieira Lima (PMDB), Luiz Bassuma  (PV) e Marcos Mendes (PSOL), devem participar do debate realizado pela  Uni\u00e3o dos Munic\u00edpios da Bahia (UPB). J\u00e1 confirmaram as presen\u00e7as os  candidatos democrata e do PV. O debate ser\u00e1 realizado no pr\u00f3ximo dia 11,  com transmiss\u00e3o pela TV Arat\u00fa (SBT).<\/p>\n","protected":false},"excerpt":{"rendered":"<p>A coordena\u00e7\u00e3o da Coliga\u00e7\u00e3o \u201cPra Bahia Seguir em Frente\u201d, que tem como candidato o governador Jaques Wagner (PT), divulgou\u00a0nota confirmando que ele n\u00e3o participar\u00e1 do debate da UPB. A nota reitera o \u201cprofundo respeito\u201d que o governador tem pela Uni\u00e3o dos Munic\u00edpios da Bahia (UPB), elogia a decis\u00e3o da entidade de realizar um debate entre [&hellip;]<\/p>\n","protected":false},"author":1,"featured_media":0,"comment_status":"open","ping_status":"open","sticky":false,"template":"","format":"standard","meta":{"footnotes":"","_links_to":"","_links_to_target":""},"categories":[1],"tags":[],"class_list":["post-524","post","type-post","status-publish","format-standard","hentry","category-geral"],"views":1328,"_links":{"self":[{"href":"https:\/\/www.sudoestehoje.com.br\/novoportal\/wp-json\/wp\/v2\/posts\/524","targetHints":{"allow":["GET"]}}],"collection":[{"href":"https:\/\/www.sudoestehoje.com.br\/novoportal\/wp-json\/wp\/v2\/posts"}],"about":[{"href":"https:\/\/www.sudoestehoje.com.br\/novoportal\/wp-json\/wp\/v2\/types\/post"}],"author":[{"embeddable":true,"href":"https:\/\/www.sudoestehoje.com.br\/novoportal\/wp-json\/wp\/v2\/users\/1"}],"replies":[{"embeddable":true,"href":"https:\/\/www.sudoestehoje.com.br\/novoportal\/wp-json\/wp\/v2\/comments?post=524"}],"version-history":[{"count":1,"href":"https:\/\/www.sudoestehoje.com.br\/novoportal\/wp-json\/wp\/v2\/posts\/524\/revisions"}],"predecessor-version":[{"id":525,"href":"https:\/\/www.sudoestehoje.com.br\/novoportal\/wp-json\/wp\/v2\/posts\/524\/revisions\/525"}],"wp:attachment":[{"href":"https:\/\/www.sudoestehoje.com.br\/novoportal\/wp-json\/wp\/v2\/media?parent=524"}],"wp:term":[{"taxonomy":"category","embeddable":true,"href":"https:\/\/www.sudoestehoje.com.br\/novoportal\/wp-json\/wp\/v2\/categories?post=524"},{"taxonomy":"post_tag","embeddable":true,"href":"https:\/\/www.sudoestehoje.com.br\/novoportal\/wp-json\/wp\/v2\/tags?post=524"}],"curies":[{"name":"wp","href":"https:\/\/api.w.org\/{rel}","templated":true}]}}