
{"id":52383,"date":"2015-09-21T12:27:05","date_gmt":"2015-09-21T15:27:05","guid":{"rendered":"http:\/\/www.sudoestehoje.com.br\/novoportal\/?p=52383"},"modified":"2015-09-21T12:27:33","modified_gmt":"2015-09-21T15:27:33","slug":"caixa-vai-retomar-imoveis-do-minha-casa-apos-3-meses-de-atraso","status":"publish","type":"post","link":"https:\/\/www.sudoestehoje.com.br\/novoportal\/2015\/09\/21\/caixa-vai-retomar-imoveis-do-minha-casa-apos-3-meses-de-atraso\/","title":{"rendered":"CAIXA VAI RETOMAR IM\u00d3VEIS DO MINHA CASA AP\u00d3S 3 MESES DE ATRASO"},"content":{"rendered":"<p><a href=\"http:\/\/www.sudoestehoje.com.br\/novoportal\/wp-content\/uploads\/2015\/09\/BROGOD\u00d3.jpg\"><img loading=\"lazy\" decoding=\"async\" class=\"aligncenter size-medium wp-image-52384\" src=\"http:\/\/www.sudoestehoje.com.br\/novoportal\/wp-content\/uploads\/2015\/09\/BROGOD\u00d3-500x331.jpg\" alt=\"BROGOD\u00d3\" width=\"500\" height=\"331\" srcset=\"https:\/\/www.sudoestehoje.com.br\/novoportal\/wp-content\/uploads\/2015\/09\/BROGOD\u00d3-500x331.jpg 500w, https:\/\/www.sudoestehoje.com.br\/novoportal\/wp-content\/uploads\/2015\/09\/BROGOD\u00d3.jpg 550w\" sizes=\"auto, (max-width: 500px) 100vw, 500px\" \/><\/a><\/p>\n<p>O governo federal decidiu retomar os im\u00f3veis dos benefici\u00e1rios mais carentes do programa Minha Casa Minha Vida que est\u00e3o inadimplentes h\u00e1 mais de tr\u00eas meses. A Caixa Econ\u00f4mica Federal apertou a cobran\u00e7a das presta\u00e7\u00f5es que est\u00e3o atrasadas. Passou a ligar e a enviar SMS para os benefici\u00e1rios logo ap\u00f3s os primeiros dias de vencimento.<\/p>\n<p>A mudan\u00e7a de postura em rela\u00e7\u00e3o aos calotes da chamada faixa 1 do programa \u2013 fam\u00edlias com renda mensal de at\u00e9 R$ 1,6 mil \u2013 se deve a dois fatores: o agravamento da crise, que n\u00e3o permite ao governo ser leniente com a inadimpl\u00eancia em momento de frustra\u00e7\u00e3o de recursos, e o temor da fiscaliza\u00e7\u00e3o dos \u00f3rg\u00e3os de controle, j\u00e1 que at\u00e9 95% desses im\u00f3veis s\u00e3o bancados com dinheiro p\u00fablico.<\/p>\n<p>A inadimpl\u00eancia do faixa 1 fechou o primeiro semestre deste ano em 22%, dez vezes superior aos atrasos dos financiamentos imobili\u00e1rios tradicionais. O n\u00edvel \u00e9 tamb\u00e9m destoante das opera\u00e7\u00f5es das outras duas faixas de renda do Minha Casa: a parcela de atrasos acima de 90 dias nessas faixas est\u00e1 por volta de 2%. Os dados foram repassados pelo Minist\u00e9rio das Cidades. Segundo o governo, um quarto dos contratos do MCMV faixa 1 est\u00e1 h\u00e1 mais de 90 dias em atraso. De acordo com as regras do programa, as presta\u00e7\u00f5es para as fam\u00edlias da faixa 1 n\u00e3o podem ultrapassar 5% da renda do benefici\u00e1rio, com valor m\u00ednimo de R$ 25 pagos pelo per\u00edodo de dez anos. <em>Estad\u00e3o<\/em><\/p>\n<p><img decoding=\"async\" class=\"aligncenter\" src=\"http:\/\/www.sudoestehoje.com.br\/novoportal\/wp-content\/uploads\/2015\/02\/NOVO-BANNER-COOLEITE-500x250.jpg\" alt=\"NOVO BANNER COOLEITE\" \/><\/p>\n","protected":false},"excerpt":{"rendered":"<p>O governo federal decidiu retomar os im\u00f3veis dos benefici\u00e1rios mais carentes do programa Minha Casa Minha Vida que est\u00e3o inadimplentes h\u00e1 mais de tr\u00eas meses. A Caixa Econ\u00f4mica Federal apertou a cobran\u00e7a das presta\u00e7\u00f5es que est\u00e3o atrasadas. Passou a ligar e a enviar SMS para os benefici\u00e1rios logo ap\u00f3s os primeiros dias de vencimento. A [&hellip;]<\/p>\n","protected":false},"author":2,"featured_media":0,"comment_status":"open","ping_status":"open","sticky":false,"template":"","format":"standard","meta":{"footnotes":"","_links_to":"","_links_to_target":""},"categories":[1],"tags":[],"class_list":["post-52383","post","type-post","status-publish","format-standard","hentry","category-geral"],"views":1864,"_links":{"self":[{"href":"https:\/\/www.sudoestehoje.com.br\/novoportal\/wp-json\/wp\/v2\/posts\/52383","targetHints":{"allow":["GET"]}}],"collection":[{"href":"https:\/\/www.sudoestehoje.com.br\/novoportal\/wp-json\/wp\/v2\/posts"}],"about":[{"href":"https:\/\/www.sudoestehoje.com.br\/novoportal\/wp-json\/wp\/v2\/types\/post"}],"author":[{"embeddable":true,"href":"https:\/\/www.sudoestehoje.com.br\/novoportal\/wp-json\/wp\/v2\/users\/2"}],"replies":[{"embeddable":true,"href":"https:\/\/www.sudoestehoje.com.br\/novoportal\/wp-json\/wp\/v2\/comments?post=52383"}],"version-history":[{"count":3,"href":"https:\/\/www.sudoestehoje.com.br\/novoportal\/wp-json\/wp\/v2\/posts\/52383\/revisions"}],"predecessor-version":[{"id":52387,"href":"https:\/\/www.sudoestehoje.com.br\/novoportal\/wp-json\/wp\/v2\/posts\/52383\/revisions\/52387"}],"wp:attachment":[{"href":"https:\/\/www.sudoestehoje.com.br\/novoportal\/wp-json\/wp\/v2\/media?parent=52383"}],"wp:term":[{"taxonomy":"category","embeddable":true,"href":"https:\/\/www.sudoestehoje.com.br\/novoportal\/wp-json\/wp\/v2\/categories?post=52383"},{"taxonomy":"post_tag","embeddable":true,"href":"https:\/\/www.sudoestehoje.com.br\/novoportal\/wp-json\/wp\/v2\/tags?post=52383"}],"curies":[{"name":"wp","href":"https:\/\/api.w.org\/{rel}","templated":true}]}}