
{"id":52333,"date":"2015-09-19T22:59:01","date_gmt":"2015-09-20T01:59:01","guid":{"rendered":"http:\/\/www.sudoestehoje.com.br\/novoportal\/?p=52333"},"modified":"2015-09-19T23:01:56","modified_gmt":"2015-09-20T02:01:56","slug":"prefeita-de-jequie-nao-disputara-reeleicao","status":"publish","type":"post","link":"https:\/\/www.sudoestehoje.com.br\/novoportal\/2015\/09\/19\/prefeita-de-jequie-nao-disputara-reeleicao\/","title":{"rendered":"PREFEITA DE JEQUI\u00c9 N\u00c3O DISPUTAR\u00c1 REELEI\u00c7\u00c3O"},"content":{"rendered":"<div><a href=\"http:\/\/www.sudoestehoje.com.br\/novoportal\/wp-content\/uploads\/2015\/09\/tania-brito.jpg\"><img loading=\"lazy\" decoding=\"async\" class=\"aligncenter  wp-image-52334\" src=\"http:\/\/www.sudoestehoje.com.br\/novoportal\/wp-content\/uploads\/2015\/09\/tania-brito.jpg\" alt=\"tania brito\" width=\"500\" height=\"336\" \/><\/a><\/div>\n<div>\n<p>A prefeita de Jequi\u00e9, T\u00e2nia Brito, tomou uma decis\u00e3o que n\u00e3o surpreendeu muita gente no munic\u00edpio. A pepista n\u00e3o disputar\u00e1 a reelei\u00e7\u00e3o em 2016. O indice de rejei\u00e7\u00e3o da gestora \u00e9 superior a 70%. Em conversa com o Boc\u00e3o News na manh\u00e3 deste s\u00e1bado (19), durante o 4\u00ba Encontro de Prefeitos da UPB, T\u00e2nia alegou a negativa para o fato de ser mulher e n\u00e3o corresponder aos anseios da popula\u00e7\u00e3o. &#8220;\u00c9 muito dif\u00edcil quando a popula\u00e7\u00e3o cobra e voc\u00ea n\u00e3o consegue resolver os problemas da cidade. Temos poucos recursos. Ainda tem o fato de ser mulher e muita gente n\u00e3o confia na nossa capacidade&#8221;.<\/p>\n<p>A prefeita ainda sofre com o desgaste do seu secretariado, especificamente do seu filho, Jacobson Brito, de Rela\u00e7\u00f5es Institucionais, exonerado no in\u00edcio do m\u00eas. Al\u00e9m do nepotismo, Jaja, como \u00e9 conhecido, protagonizou brigas com vereadores da oposi\u00e7\u00e3o em r\u00e1dio do munic\u00edpio, ao responder sobre irregularidades na merenda escolar. Tania disse que a sa\u00edda do filho se deu pela reformula\u00e7\u00e3o nas secretarias e cortes de gastos na prefeitura. &#8220;Ele tamb\u00e9m achou melhor voltar a se dedicar a carreira de m\u00e9dico &#8220;, defendeu.<\/p>\n<p><img decoding=\"async\" class=\"aligncenter\" src=\"http:\/\/www.sudoestehoje.com.br\/novoportal\/wp-content\/uploads\/2015\/07\/%C3%93TICA-ITAPUAN-BANNER1-500x179.jpg\" alt=\"\u00d3TICA-ITAPUAN-BANNER1\" \/><\/p>\n<\/div>\n","protected":false},"excerpt":{"rendered":"<p>A prefeita de Jequi\u00e9, T\u00e2nia Brito, tomou uma decis\u00e3o que n\u00e3o surpreendeu muita gente no munic\u00edpio. A pepista n\u00e3o disputar\u00e1 a reelei\u00e7\u00e3o em 2016. O indice de rejei\u00e7\u00e3o da gestora \u00e9 superior a 70%. Em conversa com o Boc\u00e3o News na manh\u00e3 deste s\u00e1bado (19), durante o 4\u00ba Encontro de Prefeitos da UPB, T\u00e2nia alegou [&hellip;]<\/p>\n","protected":false},"author":2,"featured_media":0,"comment_status":"open","ping_status":"open","sticky":false,"template":"","format":"standard","meta":{"footnotes":"","_links_to":"","_links_to_target":""},"categories":[1],"tags":[],"class_list":["post-52333","post","type-post","status-publish","format-standard","hentry","category-geral"],"views":1400,"_links":{"self":[{"href":"https:\/\/www.sudoestehoje.com.br\/novoportal\/wp-json\/wp\/v2\/posts\/52333","targetHints":{"allow":["GET"]}}],"collection":[{"href":"https:\/\/www.sudoestehoje.com.br\/novoportal\/wp-json\/wp\/v2\/posts"}],"about":[{"href":"https:\/\/www.sudoestehoje.com.br\/novoportal\/wp-json\/wp\/v2\/types\/post"}],"author":[{"embeddable":true,"href":"https:\/\/www.sudoestehoje.com.br\/novoportal\/wp-json\/wp\/v2\/users\/2"}],"replies":[{"embeddable":true,"href":"https:\/\/www.sudoestehoje.com.br\/novoportal\/wp-json\/wp\/v2\/comments?post=52333"}],"version-history":[{"count":4,"href":"https:\/\/www.sudoestehoje.com.br\/novoportal\/wp-json\/wp\/v2\/posts\/52333\/revisions"}],"predecessor-version":[{"id":52338,"href":"https:\/\/www.sudoestehoje.com.br\/novoportal\/wp-json\/wp\/v2\/posts\/52333\/revisions\/52338"}],"wp:attachment":[{"href":"https:\/\/www.sudoestehoje.com.br\/novoportal\/wp-json\/wp\/v2\/media?parent=52333"}],"wp:term":[{"taxonomy":"category","embeddable":true,"href":"https:\/\/www.sudoestehoje.com.br\/novoportal\/wp-json\/wp\/v2\/categories?post=52333"},{"taxonomy":"post_tag","embeddable":true,"href":"https:\/\/www.sudoestehoje.com.br\/novoportal\/wp-json\/wp\/v2\/tags?post=52333"}],"curies":[{"name":"wp","href":"https:\/\/api.w.org\/{rel}","templated":true}]}}