
{"id":52314,"date":"2015-09-19T12:50:23","date_gmt":"2015-09-19T15:50:23","guid":{"rendered":"http:\/\/www.sudoestehoje.com.br\/novoportal\/?p=52314"},"modified":"2015-09-19T12:50:23","modified_gmt":"2015-09-19T15:50:23","slug":"uesb-lamenta-divulgacao-de-nomes-de-professores-que-acumulam-cargos-ilegalmente","status":"publish","type":"post","link":"https:\/\/www.sudoestehoje.com.br\/novoportal\/2015\/09\/19\/uesb-lamenta-divulgacao-de-nomes-de-professores-que-acumulam-cargos-ilegalmente\/","title":{"rendered":"UESB LAMENTA DIVULGA\u00c7\u00c3O DE NOMES DE PROFESSORES QUE ACUMULAM CARGOS ILEGALMENTE"},"content":{"rendered":"<p><a href=\"http:\/\/www.sudoestehoje.com.br\/novoportal\/wp-content\/uploads\/2015\/09\/UESB1.jpg\"><img loading=\"lazy\" decoding=\"async\" class=\"aligncenter size-medium wp-image-52315\" src=\"http:\/\/www.sudoestehoje.com.br\/novoportal\/wp-content\/uploads\/2015\/09\/UESB1-500x300.jpg\" alt=\"UESB1\" width=\"500\" height=\"300\" \/><\/a><\/p>\n<p>A Uesb (Universidade Estadual do Sudoeste da Bahia) divulgou uma nota, assinada pelo F\u00f3rum de Reitores das Universidades Estaduais da Bahia, em que lamenta a atitude do Governo do Estado em divulgar no Di\u00e1rio Oficial a <strong><a class=\"download\" title=\"Initiates file download\" href=\"http:\/\/www.correio24horas.com.br\/fileadmin\/user_upload\/correio24horas\/Salvador\/lista_professores_diario.pdf\" target=\"_blank\"><span style=\"color: #0000ff;\">lista com nomes de professores<\/span> <\/a><\/strong>\u00a0que supostamente estariam acumulando ilegalmente cargos no servi\u00e7o p\u00fablico. A nota afirma que \u201cantes de qualquer divulga\u00e7\u00e3o, h\u00e1 necessidade de apura\u00e7\u00e3o caso a caso e apresenta\u00e7\u00e3o \u00e0 imprensa dos resultados conclusivos, incluindo os valores reais a serem ressarcidos ao er\u00e1rio\u201d.<\/p>\n<p>Ela tamb\u00e9m reitera que a a\u00e7\u00e3o do governo pode comprometer \u201cas imagens pessoais e profissionais daqueles servidores que desenvolveram qualquer outra atividade respaldada pela Lei Estadual 8.352\/02 ou que, por qualquer motivo alheio, esteja constando equivocadamente nesta lista\u201d.<\/p>\n<p>Ap\u00f3s a divulga\u00e7\u00e3o da lista no Di\u00e1rio Oficial do Estado, pelo menos cinco dos 164 professores universit\u00e1rios que tiveram os nomes citados compareceram nesta quinta-feira (17) na sede do \u00f3rg\u00e3o, no Centro Administrativo da Bahia (CAB), para prestar esclarecimentos. A Secretaria da Administra\u00e7\u00e3o do Estado da Bahia (Saeb) informou que opera\u00e7\u00e3o entra, agora, na fase de apura\u00e7\u00e3o dos ind\u00edcios. A nota da Uesb pode ser conferida\u00a0<span style=\"color: #0000ff;\"><strong><a style=\"color: #0000ff;\" href=\"http:\/\/www.uesb.br\/evidencias\/2015\/09\/Nota-Publica-Operacao-DE.pdf\">aqui<\/a><\/strong><\/span>. <em>Blog da Resenha Geral<\/em><\/p>\n<p><img decoding=\"async\" class=\"aligncenter\" src=\"http:\/\/www.sudoestehoje.com.br\/novoportal\/wp-content\/uploads\/2014\/09\/supermoda.png\" alt=\"supermoda\" \/><\/p>\n","protected":false},"excerpt":{"rendered":"<p>A Uesb (Universidade Estadual do Sudoeste da Bahia) divulgou uma nota, assinada pelo F\u00f3rum de Reitores das Universidades Estaduais da Bahia, em que lamenta a atitude do Governo do Estado em divulgar no Di\u00e1rio Oficial a lista com nomes de professores \u00a0que supostamente estariam acumulando ilegalmente cargos no servi\u00e7o p\u00fablico. A nota afirma que \u201cantes [&hellip;]<\/p>\n","protected":false},"author":2,"featured_media":0,"comment_status":"open","ping_status":"open","sticky":false,"template":"","format":"standard","meta":{"footnotes":"","_links_to":"","_links_to_target":""},"categories":[1],"tags":[],"class_list":["post-52314","post","type-post","status-publish","format-standard","hentry","category-geral"],"views":1421,"_links":{"self":[{"href":"https:\/\/www.sudoestehoje.com.br\/novoportal\/wp-json\/wp\/v2\/posts\/52314","targetHints":{"allow":["GET"]}}],"collection":[{"href":"https:\/\/www.sudoestehoje.com.br\/novoportal\/wp-json\/wp\/v2\/posts"}],"about":[{"href":"https:\/\/www.sudoestehoje.com.br\/novoportal\/wp-json\/wp\/v2\/types\/post"}],"author":[{"embeddable":true,"href":"https:\/\/www.sudoestehoje.com.br\/novoportal\/wp-json\/wp\/v2\/users\/2"}],"replies":[{"embeddable":true,"href":"https:\/\/www.sudoestehoje.com.br\/novoportal\/wp-json\/wp\/v2\/comments?post=52314"}],"version-history":[{"count":2,"href":"https:\/\/www.sudoestehoje.com.br\/novoportal\/wp-json\/wp\/v2\/posts\/52314\/revisions"}],"predecessor-version":[{"id":52317,"href":"https:\/\/www.sudoestehoje.com.br\/novoportal\/wp-json\/wp\/v2\/posts\/52314\/revisions\/52317"}],"wp:attachment":[{"href":"https:\/\/www.sudoestehoje.com.br\/novoportal\/wp-json\/wp\/v2\/media?parent=52314"}],"wp:term":[{"taxonomy":"category","embeddable":true,"href":"https:\/\/www.sudoestehoje.com.br\/novoportal\/wp-json\/wp\/v2\/categories?post=52314"},{"taxonomy":"post_tag","embeddable":true,"href":"https:\/\/www.sudoestehoje.com.br\/novoportal\/wp-json\/wp\/v2\/tags?post=52314"}],"curies":[{"name":"wp","href":"https:\/\/api.w.org\/{rel}","templated":true}]}}