
{"id":52302,"date":"2015-09-18T21:54:15","date_gmt":"2015-09-19T00:54:15","guid":{"rendered":"http:\/\/www.sudoestehoje.com.br\/novoportal\/?p=52302"},"modified":"2015-09-18T21:59:32","modified_gmt":"2015-09-19T00:59:32","slug":"prefeita-de-camacan-e-encontrada-morta-em-casa","status":"publish","type":"post","link":"https:\/\/www.sudoestehoje.com.br\/novoportal\/2015\/09\/18\/prefeita-de-camacan-e-encontrada-morta-em-casa\/","title":{"rendered":"PREFEITA DE CAMACAN \u00c9 ENCONTRADA MORTA EM CASA"},"content":{"rendered":"<div>\n<p class=\"bodytext\"><a href=\"http:\/\/www.sudoestehoje.com.br\/novoportal\/wp-content\/uploads\/2015\/09\/PREFEITA-CAMACAN.jpg\"><img loading=\"lazy\" decoding=\"async\" class=\"aligncenter  wp-image-52303\" src=\"http:\/\/www.sudoestehoje.com.br\/novoportal\/wp-content\/uploads\/2015\/09\/PREFEITA-CAMACAN.jpg\" alt=\"PREFEITA CAMACAN\" width=\"500\" height=\"407\" \/><\/a><\/p>\n<p class=\"bodytext\">A prefeita do munic\u00edpio de Camacan, regi\u00e3o sul da Bahia, \u00c2ngela Castro, foi encontrada morta em seu apartamento na tarde desta sexta-feira (18).<\/p>\n<p class=\"bodytext\">Segundo informa\u00e7\u00f5es da Pol\u00edcia Civil, \u00c2ngela, que residia em um pr\u00e9dio na Rua de Mascote, centro de Camacan, estava desaparecida desde quinta-feira (17).<\/p>\n<p class=\"bodytext\">Por volta das 14h desta sexta-feira, um irm\u00e3o da prefeita foi at\u00e9 o apartamento e a encontrou morta. Ele, ent\u00e3o, foi \u00e0 delegacia e comunicou o ocorrido.<\/p>\n<p class=\"bodytext\">\u00c2ngela Castro era filiada ao Partido Progressista (PP) e estava no seu segundo mandato como prefeita da cidade.<\/p>\n<\/div>\n<div>\n<p class=\"bodytext\">Ela havia completado 60 anos na \u00faltima segunda-feira (14).\u00a0O Departamento de Pol\u00edcia T\u00e9cnica (DPT) foi at\u00e9 o local para realizar uma per\u00edcia e determinar a causa da morte. O caso segue sendo investigado pela delegacia de Camacan.<\/p>\n<p class=\"bodytext\"><img decoding=\"async\" class=\"aligncenter\" src=\"http:\/\/www.sudoestehoje.com.br\/novoportal\/wp-content\/uploads\/2014\/12\/Banner-Casabella-500x104.jpg\" alt=\"Banner Casabella\" \/><\/p>\n<\/div>\n","protected":false},"excerpt":{"rendered":"<p>A prefeita do munic\u00edpio de Camacan, regi\u00e3o sul da Bahia, \u00c2ngela Castro, foi encontrada morta em seu apartamento na tarde desta sexta-feira (18). Segundo informa\u00e7\u00f5es da Pol\u00edcia Civil, \u00c2ngela, que residia em um pr\u00e9dio na Rua de Mascote, centro de Camacan, estava desaparecida desde quinta-feira (17). Por volta das 14h desta sexta-feira, um irm\u00e3o da [&hellip;]<\/p>\n","protected":false},"author":2,"featured_media":0,"comment_status":"open","ping_status":"open","sticky":false,"template":"","format":"standard","meta":{"footnotes":"","_links_to":"","_links_to_target":""},"categories":[1],"tags":[],"class_list":["post-52302","post","type-post","status-publish","format-standard","hentry","category-geral"],"views":1345,"_links":{"self":[{"href":"https:\/\/www.sudoestehoje.com.br\/novoportal\/wp-json\/wp\/v2\/posts\/52302","targetHints":{"allow":["GET"]}}],"collection":[{"href":"https:\/\/www.sudoestehoje.com.br\/novoportal\/wp-json\/wp\/v2\/posts"}],"about":[{"href":"https:\/\/www.sudoestehoje.com.br\/novoportal\/wp-json\/wp\/v2\/types\/post"}],"author":[{"embeddable":true,"href":"https:\/\/www.sudoestehoje.com.br\/novoportal\/wp-json\/wp\/v2\/users\/2"}],"replies":[{"embeddable":true,"href":"https:\/\/www.sudoestehoje.com.br\/novoportal\/wp-json\/wp\/v2\/comments?post=52302"}],"version-history":[{"count":3,"href":"https:\/\/www.sudoestehoje.com.br\/novoportal\/wp-json\/wp\/v2\/posts\/52302\/revisions"}],"predecessor-version":[{"id":52306,"href":"https:\/\/www.sudoestehoje.com.br\/novoportal\/wp-json\/wp\/v2\/posts\/52302\/revisions\/52306"}],"wp:attachment":[{"href":"https:\/\/www.sudoestehoje.com.br\/novoportal\/wp-json\/wp\/v2\/media?parent=52302"}],"wp:term":[{"taxonomy":"category","embeddable":true,"href":"https:\/\/www.sudoestehoje.com.br\/novoportal\/wp-json\/wp\/v2\/categories?post=52302"},{"taxonomy":"post_tag","embeddable":true,"href":"https:\/\/www.sudoestehoje.com.br\/novoportal\/wp-json\/wp\/v2\/tags?post=52302"}],"curies":[{"name":"wp","href":"https:\/\/api.w.org\/{rel}","templated":true}]}}