
{"id":52260,"date":"2015-09-17T20:09:10","date_gmt":"2015-09-17T23:09:10","guid":{"rendered":"http:\/\/www.sudoestehoje.com.br\/novoportal\/?p=52260"},"modified":"2015-09-17T20:31:50","modified_gmt":"2015-09-17T23:31:50","slug":"itapetinga-mais-um-pessimo-exemplo-da-comutran","status":"publish","type":"post","link":"https:\/\/www.sudoestehoje.com.br\/novoportal\/2015\/09\/17\/itapetinga-mais-um-pessimo-exemplo-da-comutran\/","title":{"rendered":"ITAPETINGA: MAIS UM P\u00c9SSIMO EXEMPLO DA COMUTRAN"},"content":{"rendered":"<p><a href=\"http:\/\/www.sudoestehoje.com.br\/novoportal\/wp-content\/uploads\/2015\/09\/COMUTRAN.jpg\"><img loading=\"lazy\" decoding=\"async\" class=\"aligncenter size-medium wp-image-52261\" src=\"http:\/\/www.sudoestehoje.com.br\/novoportal\/wp-content\/uploads\/2015\/09\/COMUTRAN-500x281.jpg\" alt=\"COMUTRAN\" width=\"500\" height=\"281\" srcset=\"https:\/\/www.sudoestehoje.com.br\/novoportal\/wp-content\/uploads\/2015\/09\/COMUTRAN-500x281.jpg 500w, https:\/\/www.sudoestehoje.com.br\/novoportal\/wp-content\/uploads\/2015\/09\/COMUTRAN-700x394.jpg 700w, https:\/\/www.sudoestehoje.com.br\/novoportal\/wp-content\/uploads\/2015\/09\/COMUTRAN.jpg 960w\" sizes=\"auto, (max-width: 500px) 100vw, 500px\" \/><\/a><\/p>\n<p>Al\u00e9m de ser um \u00f3rg\u00e3o desorganizado e extremamente ineficiente, a Coordenadoria Municipal de Tr\u00e2nsito &#8211; Comutran \u00a0costuma pisar feio na bola, dando p\u00e9ssimos exemplos aos motoristas de Itapetinga.<\/p>\n<p>Na tarde desta quinta-feira, uma viatura da autarquia municipal, que deveria estar sendo utilizada na fiscaliza\u00e7\u00e3o do tr\u00e2nsito, ficou cerca de 45 minutos (das 2:45 \u00e0s 15:20h) estacionada e trancada em frente \u00e0 ag\u00eancia ao Banco do Brasil, na faixa exclusiva para o carro forte, conforme sinaliza\u00e7\u00e3o do pr\u00f3prio \u00f3rg\u00e3o de tr\u00e2nsito.<\/p>\n<p><a href=\"http:\/\/www.sudoestehoje.com.br\/novoportal\/wp-content\/uploads\/2015\/09\/COMUT.jpg\"><img loading=\"lazy\" decoding=\"async\" class=\"aligncenter size-medium wp-image-52262\" src=\"http:\/\/www.sudoestehoje.com.br\/novoportal\/wp-content\/uploads\/2015\/09\/COMUT-500x281.jpg\" alt=\"COMUT\" width=\"500\" height=\"281\" srcset=\"https:\/\/www.sudoestehoje.com.br\/novoportal\/wp-content\/uploads\/2015\/09\/COMUT-500x281.jpg 500w, https:\/\/www.sudoestehoje.com.br\/novoportal\/wp-content\/uploads\/2015\/09\/COMUT-700x394.jpg 700w, https:\/\/www.sudoestehoje.com.br\/novoportal\/wp-content\/uploads\/2015\/09\/COMUT.jpg 960w\" sizes=\"auto, (max-width: 500px) 100vw, 500px\" \/><\/a><\/p>\n<p>\u00c9 por esta e outras que a Comutran \u00e9 totalmente desacreditada e desrespeitada pelos condutores de ve\u00edculos, fato que transformou o tr\u00e2nsito da cidade numa verdadeira bagun\u00e7a.<\/p>\n<p>Merecia uma boa multa&#8230;<\/p>\n<p><strong><em>Por Davi Ferraz<\/em><\/strong><\/p>\n<p><img decoding=\"async\" class=\"aligncenter\" src=\"http:\/\/www.sudoestehoje.com.br\/novoportal\/wp-content\/uploads\/2015\/05\/rezende-500x163-500x163.jpg\" alt=\"rezende-500x163\" \/><\/p>\n","protected":false},"excerpt":{"rendered":"<p>Al\u00e9m de ser um \u00f3rg\u00e3o desorganizado e extremamente ineficiente, a Coordenadoria Municipal de Tr\u00e2nsito &#8211; Comutran \u00a0costuma pisar feio na bola, dando p\u00e9ssimos exemplos aos motoristas de Itapetinga. Na tarde desta quinta-feira, uma viatura da autarquia municipal, que deveria estar sendo utilizada na fiscaliza\u00e7\u00e3o do tr\u00e2nsito, ficou cerca de 45 minutos (das 2:45 \u00e0s 15:20h) [&hellip;]<\/p>\n","protected":false},"author":2,"featured_media":0,"comment_status":"open","ping_status":"open","sticky":false,"template":"","format":"standard","meta":{"footnotes":"","_links_to":"","_links_to_target":""},"categories":[1],"tags":[],"class_list":["post-52260","post","type-post","status-publish","format-standard","hentry","category-geral"],"views":1903,"_links":{"self":[{"href":"https:\/\/www.sudoestehoje.com.br\/novoportal\/wp-json\/wp\/v2\/posts\/52260","targetHints":{"allow":["GET"]}}],"collection":[{"href":"https:\/\/www.sudoestehoje.com.br\/novoportal\/wp-json\/wp\/v2\/posts"}],"about":[{"href":"https:\/\/www.sudoestehoje.com.br\/novoportal\/wp-json\/wp\/v2\/types\/post"}],"author":[{"embeddable":true,"href":"https:\/\/www.sudoestehoje.com.br\/novoportal\/wp-json\/wp\/v2\/users\/2"}],"replies":[{"embeddable":true,"href":"https:\/\/www.sudoestehoje.com.br\/novoportal\/wp-json\/wp\/v2\/comments?post=52260"}],"version-history":[{"count":3,"href":"https:\/\/www.sudoestehoje.com.br\/novoportal\/wp-json\/wp\/v2\/posts\/52260\/revisions"}],"predecessor-version":[{"id":52267,"href":"https:\/\/www.sudoestehoje.com.br\/novoportal\/wp-json\/wp\/v2\/posts\/52260\/revisions\/52267"}],"wp:attachment":[{"href":"https:\/\/www.sudoestehoje.com.br\/novoportal\/wp-json\/wp\/v2\/media?parent=52260"}],"wp:term":[{"taxonomy":"category","embeddable":true,"href":"https:\/\/www.sudoestehoje.com.br\/novoportal\/wp-json\/wp\/v2\/categories?post=52260"},{"taxonomy":"post_tag","embeddable":true,"href":"https:\/\/www.sudoestehoje.com.br\/novoportal\/wp-json\/wp\/v2\/tags?post=52260"}],"curies":[{"name":"wp","href":"https:\/\/api.w.org\/{rel}","templated":true}]}}