
{"id":52207,"date":"2015-09-15T19:57:19","date_gmt":"2015-09-15T22:57:19","guid":{"rendered":"http:\/\/www.sudoestehoje.com.br\/novoportal\/?p=52207"},"modified":"2015-09-15T19:57:19","modified_gmt":"2015-09-15T22:57:19","slug":"itapetinga-pv-confirma-participacao-em-evento-regional-do-ptb","status":"publish","type":"post","link":"https:\/\/www.sudoestehoje.com.br\/novoportal\/2015\/09\/15\/itapetinga-pv-confirma-participacao-em-evento-regional-do-ptb\/","title":{"rendered":"ITAPETINGA: PV CONFIRMA PARTICIPA\u00c7\u00c3O EM EVENTO REGIONAL DO PTB"},"content":{"rendered":"<p><a href=\"http:\/\/www.sudoestehoje.com.br\/novoportal\/wp-content\/uploads\/2015\/09\/PV.jpg\"><img loading=\"lazy\" decoding=\"async\" class=\"aligncenter size-medium wp-image-52208\" src=\"http:\/\/www.sudoestehoje.com.br\/novoportal\/wp-content\/uploads\/2015\/09\/PV-500x375.jpg\" alt=\"PV\" width=\"500\" height=\"375\" srcset=\"https:\/\/www.sudoestehoje.com.br\/novoportal\/wp-content\/uploads\/2015\/09\/PV-500x375.jpg 500w, https:\/\/www.sudoestehoje.com.br\/novoportal\/wp-content\/uploads\/2015\/09\/PV-700x525.jpg 700w, https:\/\/www.sudoestehoje.com.br\/novoportal\/wp-content\/uploads\/2015\/09\/PV.jpg 960w\" sizes=\"auto, (max-width: 500px) 100vw, 500px\" \/><\/a><\/p>\n<p>PV confirma participa\u00e7\u00e3o em evento regional do PTB A presidente municipal do PV Neide Fernandes, confirmou participa\u00e7\u00e3o na tarde desta ter\u00e7a do Partido Verde no evento que o PTB far\u00e1 em Itapetinga na pr\u00f3xima sexta.<\/p>\n<p>M\u00e3o Branca que \u00e9 vice-presidente estadual do PV presente na reuni\u00e3o, afirmou que o partido est\u00e1 trabalhando intensamente para consolidar uma grande alian\u00e7a pelo crescimento de Itapetinga e enalteceu a for\u00e7a pol\u00edtica do PTB do Dep Federal Ant\u00f4nio Brito para discutir o futuro da nossa cidade.<\/p>\n<p>\u201cIremos apresentar em Itapetinga, atrav\u00e9s de nosso partido, alian\u00e7as consolidadas como a que pode ocorrer com o PV para um projeto para Itapetinga, discutindo a cidade, viabilizando a consolida\u00e7\u00e3o de um novo modelo de gest\u00e3o e de pol\u00edtica\u201d, enumerou Leonardo Matos, presidente do PTB local.<\/p>\n<p><img decoding=\"async\" class=\"aligncenter\" src=\"http:\/\/www.sudoestehoje.com.br\/novoportal\/wp-content\/uploads\/2015\/07\/%C3%93TICA-ITAPUAN-BANNER1-500x179.jpg\" alt=\"\u00d3TICA-ITAPUAN-BANNER1\" \/><\/p>\n","protected":false},"excerpt":{"rendered":"<p>PV confirma participa\u00e7\u00e3o em evento regional do PTB A presidente municipal do PV Neide Fernandes, confirmou participa\u00e7\u00e3o na tarde desta ter\u00e7a do Partido Verde no evento que o PTB far\u00e1 em Itapetinga na pr\u00f3xima sexta. M\u00e3o Branca que \u00e9 vice-presidente estadual do PV presente na reuni\u00e3o, afirmou que o partido est\u00e1 trabalhando intensamente para consolidar [&hellip;]<\/p>\n","protected":false},"author":2,"featured_media":0,"comment_status":"open","ping_status":"open","sticky":false,"template":"","format":"standard","meta":{"footnotes":"","_links_to":"","_links_to_target":""},"categories":[1],"tags":[],"class_list":["post-52207","post","type-post","status-publish","format-standard","hentry","category-geral"],"views":1484,"_links":{"self":[{"href":"https:\/\/www.sudoestehoje.com.br\/novoportal\/wp-json\/wp\/v2\/posts\/52207","targetHints":{"allow":["GET"]}}],"collection":[{"href":"https:\/\/www.sudoestehoje.com.br\/novoportal\/wp-json\/wp\/v2\/posts"}],"about":[{"href":"https:\/\/www.sudoestehoje.com.br\/novoportal\/wp-json\/wp\/v2\/types\/post"}],"author":[{"embeddable":true,"href":"https:\/\/www.sudoestehoje.com.br\/novoportal\/wp-json\/wp\/v2\/users\/2"}],"replies":[{"embeddable":true,"href":"https:\/\/www.sudoestehoje.com.br\/novoportal\/wp-json\/wp\/v2\/comments?post=52207"}],"version-history":[{"count":2,"href":"https:\/\/www.sudoestehoje.com.br\/novoportal\/wp-json\/wp\/v2\/posts\/52207\/revisions"}],"predecessor-version":[{"id":52210,"href":"https:\/\/www.sudoestehoje.com.br\/novoportal\/wp-json\/wp\/v2\/posts\/52207\/revisions\/52210"}],"wp:attachment":[{"href":"https:\/\/www.sudoestehoje.com.br\/novoportal\/wp-json\/wp\/v2\/media?parent=52207"}],"wp:term":[{"taxonomy":"category","embeddable":true,"href":"https:\/\/www.sudoestehoje.com.br\/novoportal\/wp-json\/wp\/v2\/categories?post=52207"},{"taxonomy":"post_tag","embeddable":true,"href":"https:\/\/www.sudoestehoje.com.br\/novoportal\/wp-json\/wp\/v2\/tags?post=52207"}],"curies":[{"name":"wp","href":"https:\/\/api.w.org\/{rel}","templated":true}]}}