
{"id":52173,"date":"2015-09-15T01:07:28","date_gmt":"2015-09-15T04:07:28","guid":{"rendered":"http:\/\/www.sudoestehoje.com.br\/novoportal\/?p=52173"},"modified":"2015-09-15T01:08:12","modified_gmt":"2015-09-15T04:08:12","slug":"itapetinga-jose-otavio-admite-refletir-sobre-candidatura-a-prefeito-em-2016","status":"publish","type":"post","link":"https:\/\/www.sudoestehoje.com.br\/novoportal\/2015\/09\/15\/itapetinga-jose-otavio-admite-refletir-sobre-candidatura-a-prefeito-em-2016\/","title":{"rendered":"ITAPETINGA: JOS\u00c9 OT\u00c1VIO ADMITE REFLETIR SOBRE CANDIDATURA A PREFEITO EM 2016"},"content":{"rendered":"<div id=\"attachment_52176\" style=\"width: 510px\" class=\"wp-caption aligncenter\"><a href=\"http:\/\/www.sudoestehoje.com.br\/novoportal\/wp-content\/uploads\/2015\/09\/pfl.jpg\"><img loading=\"lazy\" decoding=\"async\" aria-describedby=\"caption-attachment-52176\" class=\"size-medium wp-image-52176\" src=\"http:\/\/www.sudoestehoje.com.br\/novoportal\/wp-content\/uploads\/2015\/09\/pfl-500x375.jpg\" alt=\"EM REUNI\u00c3O DO PARTIDO, JOS\u00c9 OT\u00c1VIO SINALIZOU QUE PODER\u00c1 SE CANDIDATAR A PREFEITO\" width=\"500\" height=\"375\" srcset=\"https:\/\/www.sudoestehoje.com.br\/novoportal\/wp-content\/uploads\/2015\/09\/pfl-500x375.jpg 500w, https:\/\/www.sudoestehoje.com.br\/novoportal\/wp-content\/uploads\/2015\/09\/pfl-700x525.jpg 700w, https:\/\/www.sudoestehoje.com.br\/novoportal\/wp-content\/uploads\/2015\/09\/pfl.jpg 960w\" sizes=\"auto, (max-width: 500px) 100vw, 500px\" \/><\/a><p id=\"caption-attachment-52176\" class=\"wp-caption-text\">EM REUNI\u00c3O DO PARTIDO, JOS\u00c9 OT\u00c1VIO SINALIZOU QUE PODER\u00c1 SE CANDIDATAR A PREFEITO<\/p><\/div>\n<p>Pela primeira vez, depois de in\u00fameras negativas, o ex-prefeito Jos\u00e9 Ot\u00e1vio Curvelo (DEM) admitiu que ir\u00e1 pensar sobre uma prov\u00e1vel candidatura a prefeito, nas elei\u00e7\u00f5es do pr\u00f3ximo ano, fato que animou as oposi\u00e7\u00f5es e poder\u00e1 mudar os rumos da pol\u00edtica em Itapetinga.<\/p>\n<p>A revela\u00e7\u00e3o, feita em uma reuni\u00e3o do partido na noite desta segunda-feira, \u00e9 fruto das articula\u00e7\u00f5es do presidente da sigla, Geraldo Trindade, e da ex-deputada estadual Virg\u00ednia Hagge.<\/p>\n<p>Segundo informa\u00e7\u00f5es da dire\u00e7\u00e3o municipal do DEM, Jos\u00e9 Ot\u00e1vio tem recebido reiterados apelos das lideran\u00e7as estaduais do seu partido, como ACM Neto, Paulo Souto e Jos\u00e9 Carlos Aleluia, al\u00e9m dos peemedebistas Geddel Vieira Lima, L\u00facio Vieira e do pr\u00f3prio Michel Hagge.<\/p>\n<p>Caso o democrata entre na disputa eleitoral, o jogo pode virar a favor das oposi\u00e7\u00f5es. Outro nome forte que vem sendo trabalhado nas oposi\u00e7\u00f5es, \u00e9 o do pecuarista Renan Pereira, que j\u00e1 admitiu retirar a sua candidatura, caso Z\u00e9 Ot\u00e1vio aceite encabe\u00e7ar a chapa majorit\u00e1ria.<\/p>\n<p><strong><em>Por Davi Ferraz<\/em><\/strong><\/p>\n<p><img decoding=\"async\" class=\"aligncenter\" src=\"http:\/\/img.blogdoanderson.com\/publicidade\/cristo-redentor-02-15.jpg\" alt=\"\" \/><\/p>\n","protected":false},"excerpt":{"rendered":"<p>Pela primeira vez, depois de in\u00fameras negativas, o ex-prefeito Jos\u00e9 Ot\u00e1vio Curvelo (DEM) admitiu que ir\u00e1 pensar sobre uma prov\u00e1vel candidatura a prefeito, nas elei\u00e7\u00f5es do pr\u00f3ximo ano, fato que animou as oposi\u00e7\u00f5es e poder\u00e1 mudar os rumos da pol\u00edtica em Itapetinga. A revela\u00e7\u00e3o, feita em uma reuni\u00e3o do partido na noite desta segunda-feira, \u00e9 [&hellip;]<\/p>\n","protected":false},"author":2,"featured_media":0,"comment_status":"open","ping_status":"open","sticky":false,"template":"","format":"standard","meta":{"footnotes":"","_links_to":"","_links_to_target":""},"categories":[1],"tags":[],"class_list":["post-52173","post","type-post","status-publish","format-standard","hentry","category-geral"],"views":2081,"_links":{"self":[{"href":"https:\/\/www.sudoestehoje.com.br\/novoportal\/wp-json\/wp\/v2\/posts\/52173","targetHints":{"allow":["GET"]}}],"collection":[{"href":"https:\/\/www.sudoestehoje.com.br\/novoportal\/wp-json\/wp\/v2\/posts"}],"about":[{"href":"https:\/\/www.sudoestehoje.com.br\/novoportal\/wp-json\/wp\/v2\/types\/post"}],"author":[{"embeddable":true,"href":"https:\/\/www.sudoestehoje.com.br\/novoportal\/wp-json\/wp\/v2\/users\/2"}],"replies":[{"embeddable":true,"href":"https:\/\/www.sudoestehoje.com.br\/novoportal\/wp-json\/wp\/v2\/comments?post=52173"}],"version-history":[{"count":2,"href":"https:\/\/www.sudoestehoje.com.br\/novoportal\/wp-json\/wp\/v2\/posts\/52173\/revisions"}],"predecessor-version":[{"id":52188,"href":"https:\/\/www.sudoestehoje.com.br\/novoportal\/wp-json\/wp\/v2\/posts\/52173\/revisions\/52188"}],"wp:attachment":[{"href":"https:\/\/www.sudoestehoje.com.br\/novoportal\/wp-json\/wp\/v2\/media?parent=52173"}],"wp:term":[{"taxonomy":"category","embeddable":true,"href":"https:\/\/www.sudoestehoje.com.br\/novoportal\/wp-json\/wp\/v2\/categories?post=52173"},{"taxonomy":"post_tag","embeddable":true,"href":"https:\/\/www.sudoestehoje.com.br\/novoportal\/wp-json\/wp\/v2\/tags?post=52173"}],"curies":[{"name":"wp","href":"https:\/\/api.w.org\/{rel}","templated":true}]}}