
{"id":5212,"date":"2011-05-24T18:20:29","date_gmt":"2011-05-24T21:20:29","guid":{"rendered":"http:\/\/www.sudoestehoje.com.br\/novoportal\/?p=5212"},"modified":"2011-05-25T10:36:06","modified_gmt":"2011-05-25T13:36:06","slug":"expo-2011-leilao-uniao-das-racas-movimenta-mais-de-r-300-mil-em-itapetinga","status":"publish","type":"post","link":"https:\/\/www.sudoestehoje.com.br\/novoportal\/2011\/05\/24\/expo-2011-leilao-uniao-das-racas-movimenta-mais-de-r-300-mil-em-itapetinga\/","title":{"rendered":"Expo-2011: Leil\u00e3o Uni\u00e3o das Ra\u00e7as movimenta mais de R$ 300 mil em Itapetinga"},"content":{"rendered":"<h5 style=\"text-align: center;\"><span style=\"color: #000000;\"><span style=\"font-family: Arial, sans-serif;\"><span style=\"font-size: small;\"><a href=\"http:\/\/www.sudoestehoje.com.br\/novoportal\/wp-content\/uploads\/2011\/05\/100_53701.jpg\"><img loading=\"lazy\" decoding=\"async\" class=\"aligncenter size-medium wp-image-5216\" title=\"100_5370\" src=\"http:\/\/www.sudoestehoje.com.br\/novoportal\/wp-content\/uploads\/2011\/05\/100_53701-500x375.jpg\" alt=\"\" width=\"500\" height=\"375\" srcset=\"https:\/\/www.sudoestehoje.com.br\/novoportal\/wp-content\/uploads\/2011\/05\/100_53701-500x375.jpg 500w, https:\/\/www.sudoestehoje.com.br\/novoportal\/wp-content\/uploads\/2011\/05\/100_53701-1024x768.jpg 1024w\" sizes=\"auto, (max-width: 500px) 100vw, 500px\" \/><\/a><\/span><\/span><\/span><\/h5>\n<p style=\"text-align: center;\"><span style=\"color: #000000;\"><span style=\"font-family: Arial, sans-serif;\"><span style=\"font-size: small;\"><strong><em>Principal m\u00e9rito do evento foi atrair novos investidores para as ra\u00e7as Mangalarga Marchador e Gir Leiteiro<\/em><\/strong><\/span><\/span><\/span><\/p>\n<p style=\"text-align: center;\">\n<h5><span style=\"color: #000000;\"><span style=\"font-family: Arial, sans-serif;\"> <\/span><\/span><\/h5>\n<p><span style=\"color: #000000;\"><span style=\"font-family: Arial, sans-serif;\"><span style=\"font-size: small;\">O II Leil\u00e3o Uni\u00e3o das Ra\u00e7as foi um grande sucesso. Realizado na noite de Sexta-feira 20 de maio, o aguardado evento reuniu mais de 500 pessoas no parque de Exposi\u00e7\u00f5es de Itapetinga.<\/span><\/span><\/span><\/p>\n<p><span style=\"color: #000000;\"><span style=\"font-family: Arial, sans-serif;\"><span style=\"font-size: small;\"><br \/>\nRespons\u00e1veis por movimentar uma receita total de mais R$ 300 mil, os 40 animais negociados atingiram uma boa cota\u00e7\u00e3o m\u00e9dia. Os grandes destaques da noite foram as negocia\u00e7\u00f5es de 50% da Querela da Santa Esmeralda, \u00c9gua filha do n\u00ba 1 do Ranking Nacional Elo Kaf\u00e9 da Nova, ofertada por Leonardo Rodrigues Matos, a metade da \u00c9gua Pampa de Castanho foi adquirida por R$20.000 mil pelo criador Andr\u00e9 Assis Santos.<\/span><\/span><\/span><\/p>\n<p><span style=\"color: #000000;\"><span style=\"font-family: Arial, sans-serif;\"><span style=\"font-size: small;\"><br \/>\nJ\u00e1 o segundo lote mais valorizado foi uma linda\u00a0matriz Gir Leiteiro.Com um investimento de R$ 19.200,00 reais, o criador Ant\u00f4nio Arnaldo Maia Mariano\u00a0adquiriu JAY DOMINIQUE,\u00a0 uma linda novilha do time de pista da sele\u00e7\u00e3o de Jaymilton Gusm\u00e3o Cunha Filho.<\/span><\/span><\/span><\/p>\n<p><span style=\"color: #000000;\"><span style=\"font-family: Arial, sans-serif;\"><span style=\"font-size: small;\"><br \/>\nPara Leonardo Matos, um dos organizadores do evento todos os objetivos foram alcan\u00e7ados nesta 2\u00aa edi\u00e7\u00e3o do remate \u201cCreio que o resultado expressivo que conseguimos se deve a uma s\u00e9rie de fatores. Al\u00e9m do empenho das pessoas envolvidas com a organiza\u00e7\u00e3o, podemos dizer que a criteriosa sele\u00e7\u00e3o realizada antes do evento foi fundamental, pois possibilitou que fossem ofertados produtos de grande qualidade tanto Mangalarga Marchador como Gir Leiteiro.<\/span><\/span><\/span><\/p>\n<p><span style=\"color: #000000;\">\u201c<span style=\"font-family: Arial, sans-serif;\"><span style=\"font-size: small;\">Estamos ainda no in\u00edcio, ou seja, despertando a curiosidade de outros produtores rurais para as ra\u00e7as Mangalarga Marchador e Gir Leiteiro, o evento foi um sucesso, a come\u00e7ar pela excel\u00eancia apresentada na arena durante o II Leil\u00e3o Uni\u00e3o das ra\u00e7as\u201d, completa o outro S\u00f3cio do evento, Marcus Vin\u00edcius Sobral Wanderley. <\/span><\/span><\/span><\/p>\n<p><span style=\"color: #000000;\"><span style=\"font-family: Arial, sans-serif;\"><span style=\"font-size: small;\"><br \/>\nJ\u00e1 Jaymilton Gusm\u00e3o Filho, respons\u00e1vel pela parte do gado Gir do Leil\u00e3o, ressaltou ainda outros importantes m\u00e9ritos do leil\u00e3o \u201cEle cumpriu a meta de oferecer uma oportunidade democr\u00e1tica para a comercializa\u00e7\u00e3o dos animais das duas ra\u00e7as, possibilitando a participa\u00e7\u00e3o de selecionadores com criat\u00f3rios dos mais diversos tamanhos. Al\u00e9m disso, serviu como uma importante ferramenta para o fomento do Gir Leiteiro. Tanto \u00e9 que registramos a participa\u00e7\u00e3o de novos compradores entre investidores que fizeram aquisi\u00e7\u00f5es no evento\u201d, destacou Jaymiltinho<\/span><\/span><\/span><\/p>\n<p><span style=\"color: #000000;\"><span style=\"font-family: Arial, sans-serif;\"><span style=\"font-size: small;\">Para o Presidente do Sindicato Rural de Itapetinga, Henrique Bruni, todas as expectativas foram superadas, tanto de p\u00fablico quanto de vendas, assim est\u00e3o de parab\u00e9ns os organizadores do evento pois conseguiram atender as expectativas dos compradores presentes ofertando animais especialmente para equita\u00e7\u00e3o e gado Gir Leiteiro de Elite.<\/span><\/span><\/span><\/p>\n<p><span style=\"color: #000000;\"><span style=\"font-family: Arial, sans-serif;\"><span style=\"font-size: small;\">Ascom do Leil\u00e3o<\/span><\/span><\/span><\/p>\n","protected":false},"excerpt":{"rendered":"<p>Principal m\u00e9rito do evento foi atrair novos investidores para as ra\u00e7as Mangalarga Marchador e Gir Leiteiro O II Leil\u00e3o Uni\u00e3o das Ra\u00e7as foi um grande sucesso. Realizado na noite de Sexta-feira 20 de maio, o aguardado evento reuniu mais de 500 pessoas no parque de Exposi\u00e7\u00f5es de Itapetinga. Respons\u00e1veis por movimentar uma receita total de [&hellip;]<\/p>\n","protected":false},"author":2,"featured_media":0,"comment_status":"open","ping_status":"open","sticky":false,"template":"","format":"standard","meta":{"footnotes":"","_links_to":"","_links_to_target":""},"categories":[1],"tags":[17,59,18],"class_list":["post-5212","post","type-post","status-publish","format-standard","hentry","category-geral","tag-exposicao","tag-itapetinga","tag-leilao"],"views":2064,"_links":{"self":[{"href":"https:\/\/www.sudoestehoje.com.br\/novoportal\/wp-json\/wp\/v2\/posts\/5212","targetHints":{"allow":["GET"]}}],"collection":[{"href":"https:\/\/www.sudoestehoje.com.br\/novoportal\/wp-json\/wp\/v2\/posts"}],"about":[{"href":"https:\/\/www.sudoestehoje.com.br\/novoportal\/wp-json\/wp\/v2\/types\/post"}],"author":[{"embeddable":true,"href":"https:\/\/www.sudoestehoje.com.br\/novoportal\/wp-json\/wp\/v2\/users\/2"}],"replies":[{"embeddable":true,"href":"https:\/\/www.sudoestehoje.com.br\/novoportal\/wp-json\/wp\/v2\/comments?post=5212"}],"version-history":[{"count":6,"href":"https:\/\/www.sudoestehoje.com.br\/novoportal\/wp-json\/wp\/v2\/posts\/5212\/revisions"}],"predecessor-version":[{"id":5219,"href":"https:\/\/www.sudoestehoje.com.br\/novoportal\/wp-json\/wp\/v2\/posts\/5212\/revisions\/5219"}],"wp:attachment":[{"href":"https:\/\/www.sudoestehoje.com.br\/novoportal\/wp-json\/wp\/v2\/media?parent=5212"}],"wp:term":[{"taxonomy":"category","embeddable":true,"href":"https:\/\/www.sudoestehoje.com.br\/novoportal\/wp-json\/wp\/v2\/categories?post=5212"},{"taxonomy":"post_tag","embeddable":true,"href":"https:\/\/www.sudoestehoje.com.br\/novoportal\/wp-json\/wp\/v2\/tags?post=5212"}],"curies":[{"name":"wp","href":"https:\/\/api.w.org\/{rel}","templated":true}]}}