
{"id":52109,"date":"2015-09-12T18:50:28","date_gmt":"2015-09-12T21:50:28","guid":{"rendered":"http:\/\/www.sudoestehoje.com.br\/novoportal\/?p=52109"},"modified":"2015-09-15T01:12:40","modified_gmt":"2015-09-15T04:12:40","slug":"governo-corta-bolsa-familia-de-800-mil-beneficiarios-so-no-primeiro-semestre-de-2015","status":"publish","type":"post","link":"https:\/\/www.sudoestehoje.com.br\/novoportal\/2015\/09\/12\/governo-corta-bolsa-familia-de-800-mil-beneficiarios-so-no-primeiro-semestre-de-2015\/","title":{"rendered":"GOVERNO CORTA BOLSA-FAM\u00cdLIA DE 800 MIL BENEFICI\u00c1RIOS S\u00d3 NO PRIMEIRO SEMESTRE DE 2015"},"content":{"rendered":"<div><a href=\"http:\/\/www.sudoestehoje.com.br\/novoportal\/wp-content\/uploads\/2015\/09\/Bolsa-Fam\u00edlia-Bloqueado1.jpg\"><img loading=\"lazy\" decoding=\"async\" class=\"aligncenter size-medium wp-image-52110\" src=\"http:\/\/www.sudoestehoje.com.br\/novoportal\/wp-content\/uploads\/2015\/09\/Bolsa-Fam\u00edlia-Bloqueado1-500x308.jpg\" alt=\"Bolsa-Fam\u00edlia-Bloqueado1\" width=\"500\" height=\"308\" srcset=\"https:\/\/www.sudoestehoje.com.br\/novoportal\/wp-content\/uploads\/2015\/09\/Bolsa-Fam\u00edlia-Bloqueado1-500x308.jpg 500w, https:\/\/www.sudoestehoje.com.br\/novoportal\/wp-content\/uploads\/2015\/09\/Bolsa-Fam\u00edlia-Bloqueado1.jpg 600w\" sizes=\"auto, (max-width: 500px) 100vw, 500px\" \/><\/a><\/div>\n<div>\n<p>Conforme a publica\u00e7\u00e3o da revista Veja deste s\u00e1bado (12), o governo federal cortou quase 800 mil benefici\u00e1rios do Bolsa-Fam\u00edlia, ap\u00f3s entrevistas com as fam\u00edlias beneficiadas. \u201cO Bolsa Fam\u00edlia, carro-chefe da administra\u00e7\u00e3o petista, sofreu neste ano o mais profundo corte desde que foi criado, h\u00e1 onze anos. Apenas no primeiro semestre de 2015, 782.313 fam\u00edlias deixaram de receber o benef\u00edcio\u201d, confirma trecho da mat\u00e9ria assinada pelo jornalista Pieter Zalis.<\/p>\n<p>Ainda segundo a reportagem, o governo passou a promover um pente-fino silencioso entre os cadastrados, sem aviso pr\u00e9vio. \u201cDesde maio, vem cruzando seus dados com informa\u00e7\u00f5es do INSS e do Departamento Nacional de Tr\u00e2nsito (Denatran)\u201d. O objetivo \u00e9 identificar quem possui bens incompat\u00edveis com o teto de renda permitido aos participantes do programa (at\u00e9 154 reais por membro da fam\u00edlia) ou est\u00e1 acumulando benef\u00edcios indevidamente. Os que j\u00e1 recebem a aposentadoria rural de um sal\u00e1rio m\u00ednimo n\u00e3o podem ganhar Bolsa Fam\u00edlia. Tamb\u00e9m est\u00e3o impedidos de integrar o programa pescadores que recebem o seguro-defeso &#8211; pago durante o per\u00edodo de procria\u00e7\u00e3o dos peixes.<\/p>\n<p>Cidades do Nordeste que vivem da pesca, como Saubara, na Bahia, a queda no n\u00famero de benefici\u00e1rios do Bolsa Fam\u00edlia foi de quase 70%.<\/p>\n<p><img decoding=\"async\" class=\"aligncenter\" src=\"http:\/\/www.sudoestehoje.com.br\/novoportal\/wp-content\/uploads\/2015\/07\/%C3%93TICA-ITAPUAN-BANNER1-500x179.jpg\" alt=\"\u00d3TICA-ITAPUAN-BANNER1\" \/><\/p>\n<\/div>\n","protected":false},"excerpt":{"rendered":"<p>Conforme a publica\u00e7\u00e3o da revista Veja deste s\u00e1bado (12), o governo federal cortou quase 800 mil benefici\u00e1rios do Bolsa-Fam\u00edlia, ap\u00f3s entrevistas com as fam\u00edlias beneficiadas. \u201cO Bolsa Fam\u00edlia, carro-chefe da administra\u00e7\u00e3o petista, sofreu neste ano o mais profundo corte desde que foi criado, h\u00e1 onze anos. Apenas no primeiro semestre de 2015, 782.313 fam\u00edlias deixaram [&hellip;]<\/p>\n","protected":false},"author":2,"featured_media":0,"comment_status":"open","ping_status":"open","sticky":false,"template":"","format":"standard","meta":{"footnotes":"","_links_to":"","_links_to_target":""},"categories":[1],"tags":[],"class_list":["post-52109","post","type-post","status-publish","format-standard","hentry","category-geral"],"views":2411,"_links":{"self":[{"href":"https:\/\/www.sudoestehoje.com.br\/novoportal\/wp-json\/wp\/v2\/posts\/52109","targetHints":{"allow":["GET"]}}],"collection":[{"href":"https:\/\/www.sudoestehoje.com.br\/novoportal\/wp-json\/wp\/v2\/posts"}],"about":[{"href":"https:\/\/www.sudoestehoje.com.br\/novoportal\/wp-json\/wp\/v2\/types\/post"}],"author":[{"embeddable":true,"href":"https:\/\/www.sudoestehoje.com.br\/novoportal\/wp-json\/wp\/v2\/users\/2"}],"replies":[{"embeddable":true,"href":"https:\/\/www.sudoestehoje.com.br\/novoportal\/wp-json\/wp\/v2\/comments?post=52109"}],"version-history":[{"count":3,"href":"https:\/\/www.sudoestehoje.com.br\/novoportal\/wp-json\/wp\/v2\/posts\/52109\/revisions"}],"predecessor-version":[{"id":52193,"href":"https:\/\/www.sudoestehoje.com.br\/novoportal\/wp-json\/wp\/v2\/posts\/52109\/revisions\/52193"}],"wp:attachment":[{"href":"https:\/\/www.sudoestehoje.com.br\/novoportal\/wp-json\/wp\/v2\/media?parent=52109"}],"wp:term":[{"taxonomy":"category","embeddable":true,"href":"https:\/\/www.sudoestehoje.com.br\/novoportal\/wp-json\/wp\/v2\/categories?post=52109"},{"taxonomy":"post_tag","embeddable":true,"href":"https:\/\/www.sudoestehoje.com.br\/novoportal\/wp-json\/wp\/v2\/tags?post=52109"}],"curies":[{"name":"wp","href":"https:\/\/api.w.org\/{rel}","templated":true}]}}