
{"id":52096,"date":"2015-09-11T12:51:38","date_gmt":"2015-09-11T15:51:38","guid":{"rendered":"http:\/\/www.sudoestehoje.com.br\/novoportal\/?p=52096"},"modified":"2015-09-15T01:15:20","modified_gmt":"2015-09-15T04:15:20","slug":"itarantim-dudu-dos-tutas-e-confirmado-como-presidente-da-camara-de-vereadores","status":"publish","type":"post","link":"https:\/\/www.sudoestehoje.com.br\/novoportal\/2015\/09\/11\/itarantim-dudu-dos-tutas-e-confirmado-como-presidente-da-camara-de-vereadores\/","title":{"rendered":"ITARANTIM: DUDU DOS TUTAS \u00c9 CONFIRMADO COMO PRESIDENTE DA C\u00c2MARA DE VEREADORES"},"content":{"rendered":"<p><a href=\"http:\/\/www.sudoestehoje.com.br\/novoportal\/wp-content\/uploads\/2015\/09\/DUDU.jpg\"><img loading=\"lazy\" decoding=\"async\" class=\"aligncenter size-medium wp-image-52097\" src=\"http:\/\/www.sudoestehoje.com.br\/novoportal\/wp-content\/uploads\/2015\/09\/DUDU-500x375.jpg\" alt=\"DUDU\" width=\"500\" height=\"375\" srcset=\"https:\/\/www.sudoestehoje.com.br\/novoportal\/wp-content\/uploads\/2015\/09\/DUDU-500x375.jpg 500w, https:\/\/www.sudoestehoje.com.br\/novoportal\/wp-content\/uploads\/2015\/09\/DUDU-700x525.jpg 700w, https:\/\/www.sudoestehoje.com.br\/novoportal\/wp-content\/uploads\/2015\/09\/DUDU.jpg 1600w\" sizes=\"auto, (max-width: 500px) 100vw, 500px\" \/><\/a><\/p>\n<p>Na manh\u00e3 desta sexta-feira, foi realizada uma vota\u00e7\u00e3o na c\u00e2mara de vereadores de Itarantim para definir qual o crit\u00e9rio de desempate na elei\u00e7\u00e3o da mesa diretora.<\/p>\n<p>Por 6 a 5, os vereadores decidiram que em caso de empate o vereador mais votado na \u00faltima elei\u00e7\u00e3o ser\u00e1 eleito presidente. Com isso o vereador Dudu dos Tutas (PSD) foi eleito presidente da c\u00e2mara.<\/p>\n<p>Dudu dos Tutas \u00e9 ligado ao prefeito Paulo Fernandes (PSD), que saiu fortalecido na elei\u00e7\u00e3o. J\u00e1 a oposi\u00e7\u00e3o sofreu um grande golpe e ficar\u00e1 sem o comando da c\u00e2mara<\/p>\n<p>ENTENDA O CASO:<\/p>\n<p>Desde dezembro Dudu dos Tutas (PSD) e o vereador da oposi\u00e7\u00e3o J\u00fa Rold\u00e3o (PT) est\u00e3o travando a disputa que acabou na justi\u00e7a. Foi realizada a elei\u00e7\u00e3o para eleger a mesa diretora da c\u00e2mara de vereadores. \u00a0e o resultado foi empate entre J\u00fa Rold\u00e3o e Dudu dos Tutas. O ent\u00e3o presidente decidiu que J\u00fa Rold\u00e3o, por ser mais velho seria o eleito.<\/p>\n<p>No inicio de setembro o Tribunal de Justi\u00e7a da Bahia julgou o processo que envolve a disputa. Na decis\u00e3o o TJ deu prazo de 10 dias para a c\u00e2mara realizar uma vota\u00e7\u00e3o para definir qual ser\u00e1 o crit\u00e9rio de desempate na elei\u00e7\u00e3o do novo presidente.<\/p>\n<p><img decoding=\"async\" class=\"aligncenter\" src=\"http:\/\/www.sudoestehoje.com.br\/novoportal\/wp-content\/uploads\/2014\/12\/Banner-Casabella-500x104.jpg\" alt=\"Banner Casabella\" \/><\/p>\n","protected":false},"excerpt":{"rendered":"<p>Na manh\u00e3 desta sexta-feira, foi realizada uma vota\u00e7\u00e3o na c\u00e2mara de vereadores de Itarantim para definir qual o crit\u00e9rio de desempate na elei\u00e7\u00e3o da mesa diretora. Por 6 a 5, os vereadores decidiram que em caso de empate o vereador mais votado na \u00faltima elei\u00e7\u00e3o ser\u00e1 eleito presidente. Com isso o vereador Dudu dos Tutas [&hellip;]<\/p>\n","protected":false},"author":2,"featured_media":0,"comment_status":"open","ping_status":"open","sticky":false,"template":"","format":"standard","meta":{"footnotes":"","_links_to":"","_links_to_target":""},"categories":[1],"tags":[],"class_list":["post-52096","post","type-post","status-publish","format-standard","hentry","category-geral"],"views":1698,"_links":{"self":[{"href":"https:\/\/www.sudoestehoje.com.br\/novoportal\/wp-json\/wp\/v2\/posts\/52096","targetHints":{"allow":["GET"]}}],"collection":[{"href":"https:\/\/www.sudoestehoje.com.br\/novoportal\/wp-json\/wp\/v2\/posts"}],"about":[{"href":"https:\/\/www.sudoestehoje.com.br\/novoportal\/wp-json\/wp\/v2\/types\/post"}],"author":[{"embeddable":true,"href":"https:\/\/www.sudoestehoje.com.br\/novoportal\/wp-json\/wp\/v2\/users\/2"}],"replies":[{"embeddable":true,"href":"https:\/\/www.sudoestehoje.com.br\/novoportal\/wp-json\/wp\/v2\/comments?post=52096"}],"version-history":[{"count":2,"href":"https:\/\/www.sudoestehoje.com.br\/novoportal\/wp-json\/wp\/v2\/posts\/52096\/revisions"}],"predecessor-version":[{"id":52195,"href":"https:\/\/www.sudoestehoje.com.br\/novoportal\/wp-json\/wp\/v2\/posts\/52096\/revisions\/52195"}],"wp:attachment":[{"href":"https:\/\/www.sudoestehoje.com.br\/novoportal\/wp-json\/wp\/v2\/media?parent=52096"}],"wp:term":[{"taxonomy":"category","embeddable":true,"href":"https:\/\/www.sudoestehoje.com.br\/novoportal\/wp-json\/wp\/v2\/categories?post=52096"},{"taxonomy":"post_tag","embeddable":true,"href":"https:\/\/www.sudoestehoje.com.br\/novoportal\/wp-json\/wp\/v2\/tags?post=52096"}],"curies":[{"name":"wp","href":"https:\/\/api.w.org\/{rel}","templated":true}]}}