
{"id":52062,"date":"2015-09-10T11:59:16","date_gmt":"2015-09-10T14:59:16","guid":{"rendered":"http:\/\/www.sudoestehoje.com.br\/novoportal\/?p=52062"},"modified":"2015-09-10T13:10:53","modified_gmt":"2015-09-10T16:10:53","slug":"itapetinga-rosemberg-indicou-ficha-suja-para-coordenacao-regional-da-adab","status":"publish","type":"post","link":"https:\/\/www.sudoestehoje.com.br\/novoportal\/2015\/09\/10\/itapetinga-rosemberg-indicou-ficha-suja-para-coordenacao-regional-da-adab\/","title":{"rendered":"ITAPETINGA: ROSEMBERG INDICOU &#8220;FICHA SUJA&#8221; PARA COORDENA\u00c7\u00c3O REGIONAL DA ADAB"},"content":{"rendered":"<p><a href=\"http:\/\/www.sudoestehoje.com.br\/novoportal\/wp-content\/uploads\/2015\/09\/rony-e-rosemberg.jpg\"><img loading=\"lazy\" decoding=\"async\" class=\"aligncenter  wp-image-52063\" src=\"http:\/\/www.sudoestehoje.com.br\/novoportal\/wp-content\/uploads\/2015\/09\/rony-e-rosemberg.jpg\" alt=\"rony-e-rosemberg\" width=\"500\" height=\"334\" \/><\/a><\/p>\n<p>O ex-prefeito de Igua\u00ed, Rony Moitinho (PSD) foi nomeado para ocupar o cargo de Coordenador Regional da ADAB, sediada em Itapetinga. A nomea\u00e7\u00e3o foi da cota do deputado estadual Rosemberg Pinto (PT).<\/p>\n<p>Mas Rony Moitinho \u00e9 considerado um \u201cficha Suja\u201d, j\u00e1 que teve contas rejeitadas pelo Tribunal de Contas dos Munic\u00edpios e pela c\u00e2mara de vereadores.<\/p>\n<p>Vale lembrar que em 2013, o ent\u00e3o governador Wagner (PT) sancionou a Proposta de Emenda \u00e0 Constitui\u00e7\u00e3o (PEC) 124\/2011, mais conhecida como Lei da Ficha Limpa.<\/p>\n<p>A Lei da Ficha Limpa, estabelece que aqueles que pretendem ocupar cargos p\u00fablicos efetivos ou comissionados apresentem: certid\u00f5es criminais negativas emitidas pelas justi\u00e7a comum e federal; cumpram obriga\u00e7\u00f5es eleitorais e militares (no caso de homens), que n\u00e3o tenha contra si representa\u00e7\u00e3o julgada procedente pela Justi\u00e7a Eleitoral em decis\u00e3o transitada em julgado ou proferida por \u00f3rg\u00e3o colegiado. Pol\u00edticos do Sul<\/p>\n<p><img decoding=\"async\" class=\"aligncenter\" src=\"http:\/\/www.sudoestehoje.com.br\/novoportal\/wp-content\/uploads\/2014\/07\/Feira-do-Lar-1.png\" alt=\"Feira-do-Lar (1)\" \/><\/p>\n","protected":false},"excerpt":{"rendered":"<p>O ex-prefeito de Igua\u00ed, Rony Moitinho (PSD) foi nomeado para ocupar o cargo de Coordenador Regional da ADAB, sediada em Itapetinga. A nomea\u00e7\u00e3o foi da cota do deputado estadual Rosemberg Pinto (PT). Mas Rony Moitinho \u00e9 considerado um \u201cficha Suja\u201d, j\u00e1 que teve contas rejeitadas pelo Tribunal de Contas dos Munic\u00edpios e pela c\u00e2mara de [&hellip;]<\/p>\n","protected":false},"author":2,"featured_media":0,"comment_status":"open","ping_status":"open","sticky":false,"template":"","format":"standard","meta":{"footnotes":"","_links_to":"","_links_to_target":""},"categories":[1],"tags":[],"class_list":["post-52062","post","type-post","status-publish","format-standard","hentry","category-geral"],"views":1684,"_links":{"self":[{"href":"https:\/\/www.sudoestehoje.com.br\/novoportal\/wp-json\/wp\/v2\/posts\/52062","targetHints":{"allow":["GET"]}}],"collection":[{"href":"https:\/\/www.sudoestehoje.com.br\/novoportal\/wp-json\/wp\/v2\/posts"}],"about":[{"href":"https:\/\/www.sudoestehoje.com.br\/novoportal\/wp-json\/wp\/v2\/types\/post"}],"author":[{"embeddable":true,"href":"https:\/\/www.sudoestehoje.com.br\/novoportal\/wp-json\/wp\/v2\/users\/2"}],"replies":[{"embeddable":true,"href":"https:\/\/www.sudoestehoje.com.br\/novoportal\/wp-json\/wp\/v2\/comments?post=52062"}],"version-history":[{"count":4,"href":"https:\/\/www.sudoestehoje.com.br\/novoportal\/wp-json\/wp\/v2\/posts\/52062\/revisions"}],"predecessor-version":[{"id":52076,"href":"https:\/\/www.sudoestehoje.com.br\/novoportal\/wp-json\/wp\/v2\/posts\/52062\/revisions\/52076"}],"wp:attachment":[{"href":"https:\/\/www.sudoestehoje.com.br\/novoportal\/wp-json\/wp\/v2\/media?parent=52062"}],"wp:term":[{"taxonomy":"category","embeddable":true,"href":"https:\/\/www.sudoestehoje.com.br\/novoportal\/wp-json\/wp\/v2\/categories?post=52062"},{"taxonomy":"post_tag","embeddable":true,"href":"https:\/\/www.sudoestehoje.com.br\/novoportal\/wp-json\/wp\/v2\/tags?post=52062"}],"curies":[{"name":"wp","href":"https:\/\/api.w.org\/{rel}","templated":true}]}}