
{"id":52007,"date":"2015-09-08T10:25:08","date_gmt":"2015-09-08T13:25:08","guid":{"rendered":"http:\/\/www.sudoestehoje.com.br\/novoportal\/?p=52007"},"modified":"2015-09-08T10:26:03","modified_gmt":"2015-09-08T13:26:03","slug":"itapetinga-se-alecio-chaves-continuar-no-pt-nao-tera-legenda-para-ser-candidato-em-2016","status":"publish","type":"post","link":"https:\/\/www.sudoestehoje.com.br\/novoportal\/2015\/09\/08\/itapetinga-se-alecio-chaves-continuar-no-pt-nao-tera-legenda-para-ser-candidato-em-2016\/","title":{"rendered":"ITAPETINGA: SE AL\u00c9CIO CHAVES CONTINUAR NO PT N\u00c3O TER\u00c1 LEGENDA PARA SER CANDIDATO EM 2016"},"content":{"rendered":"<p><a href=\"http:\/\/www.sudoestehoje.com.br\/novoportal\/wp-content\/uploads\/2015\/09\/z\u00e9-carlos-e-al\u00e9cio-chaves.jpg\"><img loading=\"lazy\" decoding=\"async\" class=\"aligncenter size-medium wp-image-52008\" src=\"http:\/\/www.sudoestehoje.com.br\/novoportal\/wp-content\/uploads\/2015\/09\/z\u00e9-carlos-e-al\u00e9cio-chaves-500x336.jpg\" alt=\"z\u00e9-carlos-e-al\u00e9cio-chaves\" width=\"500\" height=\"336\" srcset=\"https:\/\/www.sudoestehoje.com.br\/novoportal\/wp-content\/uploads\/2015\/09\/z\u00e9-carlos-e-al\u00e9cio-chaves-500x336.jpg 500w, https:\/\/www.sudoestehoje.com.br\/novoportal\/wp-content\/uploads\/2015\/09\/z\u00e9-carlos-e-al\u00e9cio-chaves.jpg 640w\" sizes=\"auto, (max-width: 500px) 100vw, 500px\" \/><\/a><\/p>\n<p>O prefeito de Itapetinga, Jos\u00e9 Carlos Moura (PT) est\u00e1 preparando uma armadilha para o vice-prefeito Al\u00e9cio Chaves (PT). Depois do rompimento pol\u00edtico o vice decidiu sair do PT e se filiar ao PSD para ser candidato a prefeito.<\/p>\n<p>Jos\u00e9 Carlos Moura teve acesso a uma pesquisa realizada no munic\u00edpio a pedido do governo do estado. O resultado deixou o \u201cQG\u201d do prefeito assustado, j\u00e1 que Al\u00e9cio Chaves apareceu como o \u00fanico da base do governo do estado com viabilidade eleitoral no munic\u00edpio.<\/p>\n<p>Para evitar que Al\u00e9cio Chaves saia do PT, o prefeito Jos\u00e9 Carlos Moura est\u00e1 se reaproximando do vice e oferendo legenda para ser candidato pelo partido, por\u00e9m, uma fonte pr\u00f3xima ao prefeito informou que o objetivo \u00e9 deixar Al\u00e9cio fora da disputa.<\/p>\n<p>Al\u00e9cio Chaves tem at\u00e9 o in\u00edcio de outubro para definir seu partido para a elei\u00e7\u00e3o, se continuar no PT correr\u00e1 o risco de n\u00e3o ter a legenda para ser candidato, pois o prefeito j\u00e1 decidiu que o seu candidato ser\u00e1 atual diretor da SAAE, o advogado Hild\u00e9rico Nogueira, conhecido como \u201cTiquinho\u201d. <em>Pol\u00edticos do Sul da Bahia<\/em><\/p>\n<p><img decoding=\"async\" class=\"aligncenter\" src=\"http:\/\/www.sudoestehoje.com.br\/novoportal\/wp-content\/uploads\/2014\/09\/supermoda.png\" alt=\"supermoda\" \/><\/p>\n","protected":false},"excerpt":{"rendered":"<p>O prefeito de Itapetinga, Jos\u00e9 Carlos Moura (PT) est\u00e1 preparando uma armadilha para o vice-prefeito Al\u00e9cio Chaves (PT). Depois do rompimento pol\u00edtico o vice decidiu sair do PT e se filiar ao PSD para ser candidato a prefeito. Jos\u00e9 Carlos Moura teve acesso a uma pesquisa realizada no munic\u00edpio a pedido do governo do estado. [&hellip;]<\/p>\n","protected":false},"author":2,"featured_media":0,"comment_status":"open","ping_status":"open","sticky":false,"template":"","format":"standard","meta":{"footnotes":"","_links_to":"","_links_to_target":""},"categories":[1],"tags":[],"class_list":["post-52007","post","type-post","status-publish","format-standard","hentry","category-geral"],"views":1617,"_links":{"self":[{"href":"https:\/\/www.sudoestehoje.com.br\/novoportal\/wp-json\/wp\/v2\/posts\/52007","targetHints":{"allow":["GET"]}}],"collection":[{"href":"https:\/\/www.sudoestehoje.com.br\/novoportal\/wp-json\/wp\/v2\/posts"}],"about":[{"href":"https:\/\/www.sudoestehoje.com.br\/novoportal\/wp-json\/wp\/v2\/types\/post"}],"author":[{"embeddable":true,"href":"https:\/\/www.sudoestehoje.com.br\/novoportal\/wp-json\/wp\/v2\/users\/2"}],"replies":[{"embeddable":true,"href":"https:\/\/www.sudoestehoje.com.br\/novoportal\/wp-json\/wp\/v2\/comments?post=52007"}],"version-history":[{"count":2,"href":"https:\/\/www.sudoestehoje.com.br\/novoportal\/wp-json\/wp\/v2\/posts\/52007\/revisions"}],"predecessor-version":[{"id":52010,"href":"https:\/\/www.sudoestehoje.com.br\/novoportal\/wp-json\/wp\/v2\/posts\/52007\/revisions\/52010"}],"wp:attachment":[{"href":"https:\/\/www.sudoestehoje.com.br\/novoportal\/wp-json\/wp\/v2\/media?parent=52007"}],"wp:term":[{"taxonomy":"category","embeddable":true,"href":"https:\/\/www.sudoestehoje.com.br\/novoportal\/wp-json\/wp\/v2\/categories?post=52007"},{"taxonomy":"post_tag","embeddable":true,"href":"https:\/\/www.sudoestehoje.com.br\/novoportal\/wp-json\/wp\/v2\/tags?post=52007"}],"curies":[{"name":"wp","href":"https:\/\/api.w.org\/{rel}","templated":true}]}}