
{"id":51998,"date":"2015-09-08T01:46:48","date_gmt":"2015-09-08T04:46:48","guid":{"rendered":"http:\/\/www.sudoestehoje.com.br\/novoportal\/?p=51998"},"modified":"2015-09-08T10:28:23","modified_gmt":"2015-09-08T13:28:23","slug":"itapetinga-prefeitura-se-prepara-para-demitir-mais-de-300-servidores-contratados-e-nomeados","status":"publish","type":"post","link":"https:\/\/www.sudoestehoje.com.br\/novoportal\/2015\/09\/08\/itapetinga-prefeitura-se-prepara-para-demitir-mais-de-300-servidores-contratados-e-nomeados\/","title":{"rendered":"ITAPETINGA: PREFEITURA SE PREPARA PARA DEMITIR MAIS DE 300 SERVIDORES CONTRATADOS E NOMEADOS"},"content":{"rendered":"<div id=\"attachment_51999\" style=\"width: 510px\" class=\"wp-caption aligncenter\"><a href=\"http:\/\/www.sudoestehoje.com.br\/novoportal\/wp-content\/uploads\/2015\/09\/sinditatiba.jpg\"><img loading=\"lazy\" decoding=\"async\" aria-describedby=\"caption-attachment-51999\" class=\"size-medium wp-image-51999\" src=\"http:\/\/www.sudoestehoje.com.br\/novoportal\/wp-content\/uploads\/2015\/09\/sinditatiba-500x375.jpg\" alt=\"SERVIDORES MUNICIPAIS NOMEADOS E CONTRATADOS EST\u00c3O MAIS UMA VEZ SOB AMEA\u00c7A DE DEMISS\u00c3O EM MASSA\" width=\"500\" height=\"375\" srcset=\"https:\/\/www.sudoestehoje.com.br\/novoportal\/wp-content\/uploads\/2015\/09\/sinditatiba-500x375.jpg 500w, https:\/\/www.sudoestehoje.com.br\/novoportal\/wp-content\/uploads\/2015\/09\/sinditatiba-700x525.jpg 700w, https:\/\/www.sudoestehoje.com.br\/novoportal\/wp-content\/uploads\/2015\/09\/sinditatiba.jpg 960w\" sizes=\"auto, (max-width: 500px) 100vw, 500px\" \/><\/a><p id=\"caption-attachment-51999\" class=\"wp-caption-text\">SERVIDORES MUNICIPAIS NOMEADOS E CONTRATADOS EST\u00c3O MAIS UMA VEZ SOB AMEA\u00c7A DE DEMISS\u00c3O (FOTO ILUSTRATIVA)<\/p><\/div>\n<p>Uma informa\u00e7\u00e3o que vem correndo de boca em boca nos bastidores da prefeitura e na c\u00e2mara de vereadores de Itapetinga, est\u00e1 tirando o sono de muitos servidores contratados e nomeados pelo prefeito Z\u00e9 Carlos, no decorrer da sua gest\u00e3o: a amea\u00e7a de demiss\u00e3o de mais de 300 servidores, para fazer caixa de campanha.<\/p>\n<p>Segundo fontes ligadas \u00e0 administra\u00e7\u00e3o, as contas da prefeitura n\u00e3o v\u00eam fechando e o prefeito Z\u00e9 Carlos corre o risco de ter, mais uma vez, as suas contas rejeitadas pelo TCM. Para outros, entretanto, a raz\u00e3o \u00e9 outra bem diferente, ou seja, a necessidade de fazer caixa de campanha, para n\u00e3o comprometer as elei\u00e7\u00f5es do ano que vem.<\/p>\n<p>Apesar da alegada &#8216;falta de recursos&#8217; para manter em dia a folha de pagamento, o prefeito vem cedendo \u00e0 press\u00e3o de membros do seu grupo e nomeando ex-advers\u00e1rios pol\u00edticos para cargos importantes na prefeitura, em detrimento dos seus antigos correligion\u00e1rios.<\/p>\n<p>Para piorar, os sal\u00e1rios de algumas secretarias, como as de sa\u00fade e educa\u00e7\u00e3o, est\u00e3o sendo pagos com atraso de at\u00e9 tr\u00eas meses, sem qualquer explica\u00e7\u00e3o plaus\u00edvel.<\/p>\n<p><strong><em>Por Davi Ferraz\u00a0<\/em><\/strong><\/p>\n<p><img decoding=\"async\" class=\"aligncenter\" src=\"http:\/\/www.sudoestehoje.com.br\/novoportal\/wp-content\/uploads\/2014\/07\/Feira-do-Lar-1.png\" alt=\"Feira-do-Lar (1)\" \/><\/p>\n","protected":false},"excerpt":{"rendered":"<p>Uma informa\u00e7\u00e3o que vem correndo de boca em boca nos bastidores da prefeitura e na c\u00e2mara de vereadores de Itapetinga, est\u00e1 tirando o sono de muitos servidores contratados e nomeados pelo prefeito Z\u00e9 Carlos, no decorrer da sua gest\u00e3o: a amea\u00e7a de demiss\u00e3o de mais de 300 servidores, para fazer caixa de campanha. Segundo fontes [&hellip;]<\/p>\n","protected":false},"author":2,"featured_media":0,"comment_status":"open","ping_status":"open","sticky":false,"template":"","format":"standard","meta":{"footnotes":"","_links_to":"","_links_to_target":""},"categories":[1],"tags":[],"class_list":["post-51998","post","type-post","status-publish","format-standard","hentry","category-geral"],"views":1711,"_links":{"self":[{"href":"https:\/\/www.sudoestehoje.com.br\/novoportal\/wp-json\/wp\/v2\/posts\/51998","targetHints":{"allow":["GET"]}}],"collection":[{"href":"https:\/\/www.sudoestehoje.com.br\/novoportal\/wp-json\/wp\/v2\/posts"}],"about":[{"href":"https:\/\/www.sudoestehoje.com.br\/novoportal\/wp-json\/wp\/v2\/types\/post"}],"author":[{"embeddable":true,"href":"https:\/\/www.sudoestehoje.com.br\/novoportal\/wp-json\/wp\/v2\/users\/2"}],"replies":[{"embeddable":true,"href":"https:\/\/www.sudoestehoje.com.br\/novoportal\/wp-json\/wp\/v2\/comments?post=51998"}],"version-history":[{"count":5,"href":"https:\/\/www.sudoestehoje.com.br\/novoportal\/wp-json\/wp\/v2\/posts\/51998\/revisions"}],"predecessor-version":[{"id":52012,"href":"https:\/\/www.sudoestehoje.com.br\/novoportal\/wp-json\/wp\/v2\/posts\/51998\/revisions\/52012"}],"wp:attachment":[{"href":"https:\/\/www.sudoestehoje.com.br\/novoportal\/wp-json\/wp\/v2\/media?parent=51998"}],"wp:term":[{"taxonomy":"category","embeddable":true,"href":"https:\/\/www.sudoestehoje.com.br\/novoportal\/wp-json\/wp\/v2\/categories?post=51998"},{"taxonomy":"post_tag","embeddable":true,"href":"https:\/\/www.sudoestehoje.com.br\/novoportal\/wp-json\/wp\/v2\/tags?post=51998"}],"curies":[{"name":"wp","href":"https:\/\/api.w.org\/{rel}","templated":true}]}}