
{"id":51993,"date":"2015-09-07T18:57:13","date_gmt":"2015-09-07T21:57:13","guid":{"rendered":"http:\/\/www.sudoestehoje.com.br\/novoportal\/?p=51993"},"modified":"2015-09-08T10:29:38","modified_gmt":"2015-09-08T13:29:38","slug":"para-cumprir-tradicao-macons-de-itapetinga-participam-do-desfile-de-7-de-setembro-em-itambe","status":"publish","type":"post","link":"https:\/\/www.sudoestehoje.com.br\/novoportal\/2015\/09\/07\/para-cumprir-tradicao-macons-de-itapetinga-participam-do-desfile-de-7-de-setembro-em-itambe\/","title":{"rendered":"PARA CUMPRIR TRADI\u00c7\u00c3O, MA\u00c7ONS DE ITAPETINGA PARTICIPAM DO DESFILE DE 7 DE SETEMBRO EM ITAMB\u00c9"},"content":{"rendered":"<p><a href=\"http:\/\/www.sudoestehoje.com.br\/novoportal\/wp-content\/uploads\/2015\/09\/ma\u00e7ons-1.jpg\"><img loading=\"lazy\" decoding=\"async\" class=\"aligncenter size-medium wp-image-51994\" src=\"http:\/\/www.sudoestehoje.com.br\/novoportal\/wp-content\/uploads\/2015\/09\/ma\u00e7ons-1-500x300.jpg\" alt=\"ma\u00e7ons 1\" width=\"500\" height=\"300\" srcset=\"https:\/\/www.sudoestehoje.com.br\/novoportal\/wp-content\/uploads\/2015\/09\/ma\u00e7ons-1-500x300.jpg 500w, https:\/\/www.sudoestehoje.com.br\/novoportal\/wp-content\/uploads\/2015\/09\/ma\u00e7ons-1-700x420.jpg 700w, https:\/\/www.sudoestehoje.com.br\/novoportal\/wp-content\/uploads\/2015\/09\/ma\u00e7ons-1.jpg 960w\" sizes=\"auto, (max-width: 500px) 100vw, 500px\" \/><\/a><\/p>\n<p>Com a quebra da tradi\u00e7\u00e3o de realizar o desfile c\u00edvico do 7 de Setembro em Itapetinga, cancelado inexplicavelmente pelo prefeito Z\u00e9 Carlos e sua secret\u00e1ria de Educa\u00e7\u00e3o, Sibele Nery, os membros da Loja Ma\u00e7\u00f4nica Amor e Uni\u00e3o de Itapetinga resolveram participar do desfile c\u00edvico em Itamb\u00e9, onde a tradi\u00e7\u00e3o nunca foi quebrada.<\/p>\n<p><a href=\"http:\/\/www.sudoestehoje.com.br\/novoportal\/wp-content\/uploads\/2015\/09\/ma\u00e7ons-2.jpg\"><img loading=\"lazy\" decoding=\"async\" class=\"aligncenter size-medium wp-image-51995\" src=\"http:\/\/www.sudoestehoje.com.br\/novoportal\/wp-content\/uploads\/2015\/09\/ma\u00e7ons-2-500x300.jpg\" alt=\"ma\u00e7ons 2\" width=\"500\" height=\"300\" srcset=\"https:\/\/www.sudoestehoje.com.br\/novoportal\/wp-content\/uploads\/2015\/09\/ma\u00e7ons-2-500x300.jpg 500w, https:\/\/www.sudoestehoje.com.br\/novoportal\/wp-content\/uploads\/2015\/09\/ma\u00e7ons-2-700x420.jpg 700w, https:\/\/www.sudoestehoje.com.br\/novoportal\/wp-content\/uploads\/2015\/09\/ma\u00e7ons-2.jpg 960w\" sizes=\"auto, (max-width: 500px) 100vw, 500px\" \/><\/a><\/p>\n<p>Representando Itapetinga, desfilaram os ma\u00e7ons, os jovens da Ordem Demolay e as Filhas de J\u00f3, o que causou muita alegria aos moradores da cidade vizinha, que lotaram as ruas para assistir ao desfile.<\/p>\n<p>Enquanto isso, em Itapetinga, as ruas amanheceram totalmente vazias, devido a n\u00e3o realiza\u00e7\u00e3o do tradicional evento c\u00edvico, que vinha sendo realizado todos os anos, desde a \u00e9poca em que \u00e9ramos distrito da pr\u00f3pria Itamb\u00e9, l\u00e1 pelos anos 40 do s\u00e9culo passado.<\/p>\n<p><a href=\"http:\/\/www.sudoestehoje.com.br\/novoportal\/wp-content\/uploads\/2015\/09\/ma\u00e7ons-3.jpg\"><img loading=\"lazy\" decoding=\"async\" class=\"aligncenter size-medium wp-image-51996\" src=\"http:\/\/www.sudoestehoje.com.br\/novoportal\/wp-content\/uploads\/2015\/09\/ma\u00e7ons-3-500x281.jpg\" alt=\"ma\u00e7ons 3\" width=\"500\" height=\"281\" srcset=\"https:\/\/www.sudoestehoje.com.br\/novoportal\/wp-content\/uploads\/2015\/09\/ma\u00e7ons-3-500x281.jpg 500w, https:\/\/www.sudoestehoje.com.br\/novoportal\/wp-content\/uploads\/2015\/09\/ma\u00e7ons-3-700x394.jpg 700w, https:\/\/www.sudoestehoje.com.br\/novoportal\/wp-content\/uploads\/2015\/09\/ma\u00e7ons-3.jpg 960w\" sizes=\"auto, (max-width: 500px) 100vw, 500px\" \/><\/a><\/p>\n<p>O desfile em Itapetinga deixou de ser realizado desde 2014, depois que o prefeito Z\u00e9 Carlos e seus assessores foram vaiados pela popula\u00e7\u00e3o, no ano anterior (2013). Por isso, o desfile foi cancelado.<\/p>\n<p>Uma vergonha!<\/p>\n<p><strong><em>Por Davi Ferraz\u00a0<\/em><\/strong><\/p>\n<p><img decoding=\"async\" class=\"aligncenter\" src=\"http:\/\/img.blogdoanderson.com\/publicidade\/cristo-redentor-02-15.jpg\" alt=\"\" \/><\/p>\n","protected":false},"excerpt":{"rendered":"<p>Com a quebra da tradi\u00e7\u00e3o de realizar o desfile c\u00edvico do 7 de Setembro em Itapetinga, cancelado inexplicavelmente pelo prefeito Z\u00e9 Carlos e sua secret\u00e1ria de Educa\u00e7\u00e3o, Sibele Nery, os membros da Loja Ma\u00e7\u00f4nica Amor e Uni\u00e3o de Itapetinga resolveram participar do desfile c\u00edvico em Itamb\u00e9, onde a tradi\u00e7\u00e3o nunca foi quebrada. Representando Itapetinga, desfilaram [&hellip;]<\/p>\n","protected":false},"author":2,"featured_media":0,"comment_status":"open","ping_status":"open","sticky":false,"template":"","format":"standard","meta":{"footnotes":"","_links_to":"","_links_to_target":""},"categories":[1],"tags":[],"class_list":["post-51993","post","type-post","status-publish","format-standard","hentry","category-geral"],"views":4990,"_links":{"self":[{"href":"https:\/\/www.sudoestehoje.com.br\/novoportal\/wp-json\/wp\/v2\/posts\/51993","targetHints":{"allow":["GET"]}}],"collection":[{"href":"https:\/\/www.sudoestehoje.com.br\/novoportal\/wp-json\/wp\/v2\/posts"}],"about":[{"href":"https:\/\/www.sudoestehoje.com.br\/novoportal\/wp-json\/wp\/v2\/types\/post"}],"author":[{"embeddable":true,"href":"https:\/\/www.sudoestehoje.com.br\/novoportal\/wp-json\/wp\/v2\/users\/2"}],"replies":[{"embeddable":true,"href":"https:\/\/www.sudoestehoje.com.br\/novoportal\/wp-json\/wp\/v2\/comments?post=51993"}],"version-history":[{"count":2,"href":"https:\/\/www.sudoestehoje.com.br\/novoportal\/wp-json\/wp\/v2\/posts\/51993\/revisions"}],"predecessor-version":[{"id":52013,"href":"https:\/\/www.sudoestehoje.com.br\/novoportal\/wp-json\/wp\/v2\/posts\/51993\/revisions\/52013"}],"wp:attachment":[{"href":"https:\/\/www.sudoestehoje.com.br\/novoportal\/wp-json\/wp\/v2\/media?parent=51993"}],"wp:term":[{"taxonomy":"category","embeddable":true,"href":"https:\/\/www.sudoestehoje.com.br\/novoportal\/wp-json\/wp\/v2\/categories?post=51993"},{"taxonomy":"post_tag","embeddable":true,"href":"https:\/\/www.sudoestehoje.com.br\/novoportal\/wp-json\/wp\/v2\/tags?post=51993"}],"curies":[{"name":"wp","href":"https:\/\/api.w.org\/{rel}","templated":true}]}}