
{"id":51977,"date":"2015-09-06T20:34:23","date_gmt":"2015-09-06T23:34:23","guid":{"rendered":"http:\/\/www.sudoestehoje.com.br\/novoportal\/?p=51977"},"modified":"2015-09-06T20:34:23","modified_gmt":"2015-09-06T23:34:23","slug":"estudo-aponta-conquista-entre-as-piores-do-brasil-em-saude-educacao-e-seguranca","status":"publish","type":"post","link":"https:\/\/www.sudoestehoje.com.br\/novoportal\/2015\/09\/06\/estudo-aponta-conquista-entre-as-piores-do-brasil-em-saude-educacao-e-seguranca\/","title":{"rendered":"ESTUDO APONTA CONQUISTA ENTRE AS PIORES DO BRASIL EM SA\u00daDE, EDUCA\u00c7\u00c3O E SEGURAN\u00c7A"},"content":{"rendered":"<div id=\"attachment_51982\" style=\"width: 511px\" class=\"wp-caption aligncenter\"><a href=\"http:\/\/www.sudoestehoje.com.br\/novoportal\/wp-content\/uploads\/2015\/09\/periferia-conquista.jpg\"><img loading=\"lazy\" decoding=\"async\" aria-describedby=\"caption-attachment-51982\" class=\" wp-image-51982\" src=\"http:\/\/www.sudoestehoje.com.br\/novoportal\/wp-content\/uploads\/2015\/09\/periferia-conquista.jpg\" alt=\"ZONA OESTE E CONQUISTA AINDA SOFRE COM INSEGURAN\u00c7A, FALTA DE SANEAMENTO E EDUCA\u00c7\u00c3O DE BAIXA QUALIDADE\" width=\"501\" height=\"336\" \/><\/a><p id=\"caption-attachment-51982\" class=\"wp-caption-text\">ZONA OESTE E CONQUISTA AINDA SOFRE COM INSEGURAN\u00c7A, FALTA DE SANEAMENTO B\u00c1SICO E EDUCA\u00c7\u00c3O DE BAIXA QUALIDADE. A SA\u00daDE P\u00daBLICA NA CIDADE \u00c9 PREC\u00c1RIA<\/p><\/div>\n<p><strong><em>Blog do Anderson<\/em><\/strong><\/p>\n<p>Uma reportagem especial da revista Exame, edi\u00e7\u00e3o 1048, que chegou \u00e0s bancas nessa segunda-feira (2), traz um estudo in\u00e9dito e apresenta o que h\u00e1 de melhor e de pior nos servi\u00e7os p\u00fablicos brasileiros, nas 100 maiores cidades do pa\u00eds.<\/p>\n<p>A grande surpresa negativa fica para Vit\u00f3ria da Conquista, cidade administrada pelo Partido dos Trabalhadores, h\u00e1 quase duas d\u00e9cadas.<\/p>\n<p>Em cinco\u00a0itens, Conquista foi classificada entre as piores em tr\u00eas deles, entre as 100 cidades pesquisadas, com as seguintes coloca\u00e7\u00f5es: Sa\u00fade (98\u00ba lugar), Seguran\u00e7a (97\u00ba lugar) e Educa\u00e7\u00e3o (98\u00ba lugar). O prefeito Guilherme Menezes ainda n\u00e3o comentou sobre o assunto. Confira os n\u00fameros no gr\u00e1ficos abaixo.<\/p>\n<div id=\"attachment_51980\" style=\"width: 410px\" class=\"wp-caption aligncenter\"><a href=\"http:\/\/www.sudoestehoje.com.br\/novoportal\/wp-content\/uploads\/2015\/09\/educa\u00e7\u00e3o.jpg\"><img loading=\"lazy\" decoding=\"async\" aria-describedby=\"caption-attachment-51980\" class=\"size-full wp-image-51980\" src=\"http:\/\/www.sudoestehoje.com.br\/novoportal\/wp-content\/uploads\/2015\/09\/educa\u00e7\u00e3o.jpg\" alt=\"EDUCA\u00c7\u00c3O\" width=\"400\" height=\"410\" \/><\/a><p id=\"caption-attachment-51980\" class=\"wp-caption-text\">EDUCA\u00c7\u00c3O<\/p><\/div>\n<div id=\"attachment_51979\" style=\"width: 410px\" class=\"wp-caption aligncenter\"><a href=\"http:\/\/www.sudoestehoje.com.br\/novoportal\/wp-content\/uploads\/2015\/09\/seguran\u00e7a.jpg\"><img loading=\"lazy\" decoding=\"async\" aria-describedby=\"caption-attachment-51979\" class=\"size-full wp-image-51979\" src=\"http:\/\/www.sudoestehoje.com.br\/novoportal\/wp-content\/uploads\/2015\/09\/seguran\u00e7a.jpg\" alt=\"SEGURAN\u00c7A\" width=\"400\" height=\"418\" \/><\/a><p id=\"caption-attachment-51979\" class=\"wp-caption-text\">SEGURAN\u00c7A<\/p><\/div>\n<div id=\"attachment_51978\" style=\"width: 410px\" class=\"wp-caption aligncenter\"><a href=\"http:\/\/www.sudoestehoje.com.br\/novoportal\/wp-content\/uploads\/2015\/09\/saude.jpg\"><img loading=\"lazy\" decoding=\"async\" aria-describedby=\"caption-attachment-51978\" class=\"size-full wp-image-51978\" src=\"http:\/\/www.sudoestehoje.com.br\/novoportal\/wp-content\/uploads\/2015\/09\/saude.jpg\" alt=\"SA\u00daDE\" width=\"400\" height=\"562\" \/><\/a><p id=\"caption-attachment-51978\" class=\"wp-caption-text\">SA\u00daDE<\/p><\/div>\n","protected":false},"excerpt":{"rendered":"<p>Blog do Anderson Uma reportagem especial da revista Exame, edi\u00e7\u00e3o 1048, que chegou \u00e0s bancas nessa segunda-feira (2), traz um estudo in\u00e9dito e apresenta o que h\u00e1 de melhor e de pior nos servi\u00e7os p\u00fablicos brasileiros, nas 100 maiores cidades do pa\u00eds. A grande surpresa negativa fica para Vit\u00f3ria da Conquista, cidade administrada pelo Partido [&hellip;]<\/p>\n","protected":false},"author":2,"featured_media":0,"comment_status":"open","ping_status":"open","sticky":false,"template":"","format":"standard","meta":{"footnotes":"","_links_to":"","_links_to_target":""},"categories":[1],"tags":[],"class_list":["post-51977","post","type-post","status-publish","format-standard","hentry","category-geral"],"views":1758,"_links":{"self":[{"href":"https:\/\/www.sudoestehoje.com.br\/novoportal\/wp-json\/wp\/v2\/posts\/51977","targetHints":{"allow":["GET"]}}],"collection":[{"href":"https:\/\/www.sudoestehoje.com.br\/novoportal\/wp-json\/wp\/v2\/posts"}],"about":[{"href":"https:\/\/www.sudoestehoje.com.br\/novoportal\/wp-json\/wp\/v2\/types\/post"}],"author":[{"embeddable":true,"href":"https:\/\/www.sudoestehoje.com.br\/novoportal\/wp-json\/wp\/v2\/users\/2"}],"replies":[{"embeddable":true,"href":"https:\/\/www.sudoestehoje.com.br\/novoportal\/wp-json\/wp\/v2\/comments?post=51977"}],"version-history":[{"count":3,"href":"https:\/\/www.sudoestehoje.com.br\/novoportal\/wp-json\/wp\/v2\/posts\/51977\/revisions"}],"predecessor-version":[{"id":51984,"href":"https:\/\/www.sudoestehoje.com.br\/novoportal\/wp-json\/wp\/v2\/posts\/51977\/revisions\/51984"}],"wp:attachment":[{"href":"https:\/\/www.sudoestehoje.com.br\/novoportal\/wp-json\/wp\/v2\/media?parent=51977"}],"wp:term":[{"taxonomy":"category","embeddable":true,"href":"https:\/\/www.sudoestehoje.com.br\/novoportal\/wp-json\/wp\/v2\/categories?post=51977"},{"taxonomy":"post_tag","embeddable":true,"href":"https:\/\/www.sudoestehoje.com.br\/novoportal\/wp-json\/wp\/v2\/tags?post=51977"}],"curies":[{"name":"wp","href":"https:\/\/api.w.org\/{rel}","templated":true}]}}