
{"id":51963,"date":"2015-09-06T11:46:56","date_gmt":"2015-09-06T14:46:56","guid":{"rendered":"http:\/\/www.sudoestehoje.com.br\/novoportal\/?p=51963"},"modified":"2015-09-06T11:51:33","modified_gmt":"2015-09-06T14:51:33","slug":"conquista-guilherme-pode-apostar-em-nome-desconhecido-para-neutralizar-ze-raimundo-e-waldenor","status":"publish","type":"post","link":"https:\/\/www.sudoestehoje.com.br\/novoportal\/2015\/09\/06\/conquista-guilherme-pode-apostar-em-nome-desconhecido-para-neutralizar-ze-raimundo-e-waldenor\/","title":{"rendered":"CONQUISTA: GUILHERME PODE APOSTAR EM NOME DESCONHECIDO PARA NEUTRALIZAR Z\u00c9 RAIMUNDO E WALDENOR"},"content":{"rendered":"<div id=\"attachment_51965\" style=\"width: 510px\" class=\"wp-caption aligncenter\"><a href=\"http:\/\/www.sudoestehoje.com.br\/novoportal\/wp-content\/uploads\/2015\/09\/odir.jpg\"><img loading=\"lazy\" decoding=\"async\" aria-describedby=\"caption-attachment-51965\" class=\"size-medium wp-image-51965\" src=\"http:\/\/www.sudoestehoje.com.br\/novoportal\/wp-content\/uploads\/2015\/09\/odir-500x332.jpg\" alt=\"ODIR NOME DESCONHECIDO NA POL\u00cdTICA CONQUISTENSE, PODE SER A APOSTA DO PREFEITO GUILHERME MENEZES PARA A SUCESS\u00c3O EM 2016\" width=\"500\" height=\"332\" srcset=\"https:\/\/www.sudoestehoje.com.br\/novoportal\/wp-content\/uploads\/2015\/09\/odir-500x332.jpg 500w, https:\/\/www.sudoestehoje.com.br\/novoportal\/wp-content\/uploads\/2015\/09\/odir-700x465.jpg 700w, https:\/\/www.sudoestehoje.com.br\/novoportal\/wp-content\/uploads\/2015\/09\/odir.jpg 800w\" sizes=\"auto, (max-width: 500px) 100vw, 500px\" \/><\/a><p id=\"caption-attachment-51965\" class=\"wp-caption-text\">ODIR FREIRE, NOME DESCONHECIDO NA POL\u00cdTICA CONQUISTENSE, PODE SER A APOSTA DO PREFEITO GUILHERME MENEZES PARA A SUA SUCESS\u00c3O EM 2016<\/p><\/div>\n<p>Apesar das pesquisas indicarem que o nome mais forte do PT para disputar a elei\u00e7\u00e3o municipal de 2016 \u00e9 o do deputado estadual Jos\u00e9 Raimundo, corre nos bastidores que o prefeito Guilherme Menezes (PT) poder\u00e1 lan\u00e7ar o nome do desconhecido Odir Freire (Secretario da Agricultura), como candidato.<\/p>\n<p>Analistas apostam que o prefeito Menezes pretende emplacar um nome de sua total confian\u00e7a, para em 2018 se lan\u00e7ar candidato a deputado federal, neutralizando a dupla tamb\u00e9m petista Waldenor Pereira, deputado federal, e Jos\u00e9 Raimundo, deputado estadual que tamb\u00e9m sonha com a possibilidade de voltar a comandar a Prefeitura da cidade.<\/p>\n<p>Segundo fontes petistas, a possibilidade de Jos\u00e9 Raimundo retornar \u00e0 prefeitura em 2016 assombra o bloco &#8216;guilhermista&#8217;, que estaria fadado a n\u00e3o mais comandar as a\u00e7\u00f5es pol\u00edticas na regi\u00e3o.<\/p>\n<p>Pelo visto, Guilherme quer mesmo facilitar as coisas para a oposi\u00e7\u00e3o&#8230;<\/p>\n<p><img decoding=\"async\" class=\"aligncenter\" src=\"http:\/\/www.sudoestehoje.com.br\/novoportal\/wp-content\/uploads\/2014\/12\/skala-novo.jpg\" alt=\"skala novo\" \/><\/p>\n","protected":false},"excerpt":{"rendered":"<p>Apesar das pesquisas indicarem que o nome mais forte do PT para disputar a elei\u00e7\u00e3o municipal de 2016 \u00e9 o do deputado estadual Jos\u00e9 Raimundo, corre nos bastidores que o prefeito Guilherme Menezes (PT) poder\u00e1 lan\u00e7ar o nome do desconhecido Odir Freire (Secretario da Agricultura), como candidato. Analistas apostam que o prefeito Menezes pretende emplacar [&hellip;]<\/p>\n","protected":false},"author":2,"featured_media":0,"comment_status":"open","ping_status":"open","sticky":false,"template":"","format":"standard","meta":{"footnotes":"","_links_to":"","_links_to_target":""},"categories":[1],"tags":[],"class_list":["post-51963","post","type-post","status-publish","format-standard","hentry","category-geral"],"views":1280,"_links":{"self":[{"href":"https:\/\/www.sudoestehoje.com.br\/novoportal\/wp-json\/wp\/v2\/posts\/51963","targetHints":{"allow":["GET"]}}],"collection":[{"href":"https:\/\/www.sudoestehoje.com.br\/novoportal\/wp-json\/wp\/v2\/posts"}],"about":[{"href":"https:\/\/www.sudoestehoje.com.br\/novoportal\/wp-json\/wp\/v2\/types\/post"}],"author":[{"embeddable":true,"href":"https:\/\/www.sudoestehoje.com.br\/novoportal\/wp-json\/wp\/v2\/users\/2"}],"replies":[{"embeddable":true,"href":"https:\/\/www.sudoestehoje.com.br\/novoportal\/wp-json\/wp\/v2\/comments?post=51963"}],"version-history":[{"count":4,"href":"https:\/\/www.sudoestehoje.com.br\/novoportal\/wp-json\/wp\/v2\/posts\/51963\/revisions"}],"predecessor-version":[{"id":51968,"href":"https:\/\/www.sudoestehoje.com.br\/novoportal\/wp-json\/wp\/v2\/posts\/51963\/revisions\/51968"}],"wp:attachment":[{"href":"https:\/\/www.sudoestehoje.com.br\/novoportal\/wp-json\/wp\/v2\/media?parent=51963"}],"wp:term":[{"taxonomy":"category","embeddable":true,"href":"https:\/\/www.sudoestehoje.com.br\/novoportal\/wp-json\/wp\/v2\/categories?post=51963"},{"taxonomy":"post_tag","embeddable":true,"href":"https:\/\/www.sudoestehoje.com.br\/novoportal\/wp-json\/wp\/v2\/tags?post=51963"}],"curies":[{"name":"wp","href":"https:\/\/api.w.org\/{rel}","templated":true}]}}