
{"id":51959,"date":"2015-09-05T20:07:26","date_gmt":"2015-09-05T23:07:26","guid":{"rendered":"http:\/\/www.sudoestehoje.com.br\/novoportal\/?p=51959"},"modified":"2015-09-06T11:52:44","modified_gmt":"2015-09-06T14:52:44","slug":"exclusivo-rui-costa-pede-a-ze-carlos-para-perdoar-alecio-chaves","status":"publish","type":"post","link":"https:\/\/www.sudoestehoje.com.br\/novoportal\/2015\/09\/05\/exclusivo-rui-costa-pede-a-ze-carlos-para-perdoar-alecio-chaves\/","title":{"rendered":"EXCLUSIVO: RUI COSTA PEDE A Z\u00c9 CARLOS PARA PERDOAR AL\u00c9CIO CHAVES"},"content":{"rendered":"<p><a href=\"http:\/\/www.sudoestehoje.com.br\/novoportal\/wp-content\/uploads\/2015\/09\/S\u00e1bado-13-2.jpg\"><img loading=\"lazy\" decoding=\"async\" class=\"aligncenter size-medium wp-image-51960\" src=\"http:\/\/www.sudoestehoje.com.br\/novoportal\/wp-content\/uploads\/2015\/09\/S\u00e1bado-13-2-500x481.jpg\" alt=\"S\u00e1bado 13 (2)\" width=\"500\" height=\"481\" srcset=\"https:\/\/www.sudoestehoje.com.br\/novoportal\/wp-content\/uploads\/2015\/09\/S\u00e1bado-13-2-500x481.jpg 500w, https:\/\/www.sudoestehoje.com.br\/novoportal\/wp-content\/uploads\/2015\/09\/S\u00e1bado-13-2-700x674.jpg 700w, https:\/\/www.sudoestehoje.com.br\/novoportal\/wp-content\/uploads\/2015\/09\/S\u00e1bado-13-2.jpg 798w\" sizes=\"auto, (max-width: 500px) 100vw, 500px\" \/><\/a><\/p>\n<p>Sob a amea\u00e7a de rachar o seu grupo pol\u00edtico, levando-o a uma inevit\u00e1vel derrota em 2016, o prefeito Z\u00e9 Carlos (PT) j\u00e1 estuda a possibilidade de recompor com o seu vice Al\u00e9cio Chaves, para n\u00e3o perder o importante apoio dos evang\u00e9licos, seu principal reduto. Circula a informa\u00e7\u00e3o de que o pr\u00f3prio governador Rui Costa teria pedido a Z\u00e9 Carlos para que ele acalmasse os \u00e2nimos, evitando, assim, maiores preju\u00edzos ao partido.<\/p>\n<p>Como o <em>Sudoeste Hoje<\/em> j\u00e1 havia noticiado, Al\u00e9cio esteve em Salvador durante esta semana, onde teria sido recebido pelo presidente do PT, mas uma nova informa\u00e7\u00e3o d\u00e1 conta de que ele esteve reunido com o Secret\u00e1rio de Governo Josias Gomes, que cuida da articula\u00e7\u00e3o pol\u00edtica do governo e do PT.<\/p>\n<p>Depois que retornou de Salvador, Al\u00e9cio n\u00e3o concedeu nenhuma entrevista sobre a sua prometida sa\u00edda do PT e passou a &#8216;esfriar a cabe\u00e7a&#8217; de alguns dos seus exaltados correligion\u00e1rios, para que n\u00e3o dessem nenhuma declara\u00e7\u00e3o contr\u00e1ria ao prefeito Z\u00e9 Carlos, para n\u00e3o &#8220;piorar as coisas&#8221;.<\/p>\n<p>Como o prazo para desfilia\u00e7\u00e3o encerra no final deste m\u00eas de setembro, logo saberemos se &#8216;nesse angu tem mesmo caro\u00e7o&#8217;.<\/p>\n<p><strong><em>Por Davi Ferraz<\/em><\/strong><\/p>\n<p><img decoding=\"async\" class=\"aligncenter\" src=\"http:\/\/www.sudoestehoje.com.br\/novoportal\/wp-content\/uploads\/2014\/09\/supermoda.png\" alt=\"supermoda\" \/><\/p>\n","protected":false},"excerpt":{"rendered":"<p>Sob a amea\u00e7a de rachar o seu grupo pol\u00edtico, levando-o a uma inevit\u00e1vel derrota em 2016, o prefeito Z\u00e9 Carlos (PT) j\u00e1 estuda a possibilidade de recompor com o seu vice Al\u00e9cio Chaves, para n\u00e3o perder o importante apoio dos evang\u00e9licos, seu principal reduto. Circula a informa\u00e7\u00e3o de que o pr\u00f3prio governador Rui Costa teria [&hellip;]<\/p>\n","protected":false},"author":2,"featured_media":0,"comment_status":"open","ping_status":"open","sticky":false,"template":"","format":"standard","meta":{"footnotes":"","_links_to":"","_links_to_target":""},"categories":[1],"tags":[],"class_list":["post-51959","post","type-post","status-publish","format-standard","hentry","category-geral"],"views":1991,"_links":{"self":[{"href":"https:\/\/www.sudoestehoje.com.br\/novoportal\/wp-json\/wp\/v2\/posts\/51959","targetHints":{"allow":["GET"]}}],"collection":[{"href":"https:\/\/www.sudoestehoje.com.br\/novoportal\/wp-json\/wp\/v2\/posts"}],"about":[{"href":"https:\/\/www.sudoestehoje.com.br\/novoportal\/wp-json\/wp\/v2\/types\/post"}],"author":[{"embeddable":true,"href":"https:\/\/www.sudoestehoje.com.br\/novoportal\/wp-json\/wp\/v2\/users\/2"}],"replies":[{"embeddable":true,"href":"https:\/\/www.sudoestehoje.com.br\/novoportal\/wp-json\/wp\/v2\/comments?post=51959"}],"version-history":[{"count":3,"href":"https:\/\/www.sudoestehoje.com.br\/novoportal\/wp-json\/wp\/v2\/posts\/51959\/revisions"}],"predecessor-version":[{"id":51969,"href":"https:\/\/www.sudoestehoje.com.br\/novoportal\/wp-json\/wp\/v2\/posts\/51959\/revisions\/51969"}],"wp:attachment":[{"href":"https:\/\/www.sudoestehoje.com.br\/novoportal\/wp-json\/wp\/v2\/media?parent=51959"}],"wp:term":[{"taxonomy":"category","embeddable":true,"href":"https:\/\/www.sudoestehoje.com.br\/novoportal\/wp-json\/wp\/v2\/categories?post=51959"},{"taxonomy":"post_tag","embeddable":true,"href":"https:\/\/www.sudoestehoje.com.br\/novoportal\/wp-json\/wp\/v2\/tags?post=51959"}],"curies":[{"name":"wp","href":"https:\/\/api.w.org\/{rel}","templated":true}]}}