
{"id":5195,"date":"2011-05-24T13:23:18","date_gmt":"2011-05-24T16:23:18","guid":{"rendered":"http:\/\/www.sudoestehoje.com.br\/novoportal\/?p=5195"},"modified":"2011-05-24T13:23:18","modified_gmt":"2011-05-24T16:23:18","slug":"locutor-enraivado","status":"publish","type":"post","link":"https:\/\/www.sudoestehoje.com.br\/novoportal\/2011\/05\/24\/locutor-enraivado\/","title":{"rendered":"LOCUTOR ENRAIVADO"},"content":{"rendered":"<p style=\"text-align: center;\"><a id=\"apf0\" href=\"http:\/\/www.google.com.br\/imgres?imgurl=http:\/\/1.bp.blogspot.com\/_Z_ltowfXzS0\/TT1Ili0_LCI\/AAAAAAAAB5M\/r04hXqbcxQs\/s400\/394_2310-maracujina.jpg&amp;imgrefurl=http:\/\/cenariosbomdia.blogspot.com\/2011\/01\/ideias-para-br-381-maracujina.html&amp;usg=__0OjzRkm_JwoKII-QnPqEwfqKJrc=&amp;h=240&amp;w=240&amp;sz=11&amp;hl=pt-BR&amp;start=1&amp;zoom=1&amp;um=1&amp;itbs=1&amp;tbnid=mNiqF88tsMpMKM:&amp;tbnh=110&amp;tbnw=110&amp;prev=\/search%3Fq%3Dmaracujina%26um%3D1%26hl%3Dpt-BR%26sa%3DN%26biw%3D1003%26bih%3D583%26tbm%3Disch&amp;ei=BNvbTYueJcuhtweVlcmkDw\"><img loading=\"lazy\" decoding=\"async\" id=\"ipfmNiqF88tsMpMKM:\" class=\"aligncenter\" src=\"http:\/\/t2.gstatic.com\/images?q=tbn:ANd9GcQjfUuexDnvLRWXOfqp730m2QB51GmI1LNwThe9Yr31xrQQyXTNwehrGk8\" alt=\"\" width=\"110\" height=\"110\" \/><\/a><\/p>\n<p>A not\u00edcia de uma prov\u00e1vel uni\u00e3o das oposi\u00e7\u00f5es visando as elei\u00e7\u00f5es de 2012, caiu como uma bomba na prefeitura de Itapetinga. Quem mais sentiu foi o locutor oficial, que acusou o golpe no seu programa &#8220;Chicote no Povo&#8221;, hoje pela manh\u00e3. Nervoso e descontrolado, o laranj\u00e3o criticou a vereadora Naara Duarte (DEM)\u00a0por ter participado das articula\u00e7\u00f5es ao lado do Deputado Sandro R\u00e9gis, passando, depois, a xingar o vice-prefeito Edilson Lima, que j\u00e1 foi um dia a sua fonte de inspira\u00e7\u00e3o. O rem\u00e9dio para tanto desespero n\u00e3o \u00e9 &#8216;farinha de banana verde&#8217; nem &#8216;vitamina C&#8217;, mas sim &#8216;\u00e1gua com a\u00e7\u00facar&#8217; ou &#8216;maracujina&#8217;.<\/p>\n","protected":false},"excerpt":{"rendered":"<p>A not\u00edcia de uma prov\u00e1vel uni\u00e3o das oposi\u00e7\u00f5es visando as elei\u00e7\u00f5es de 2012, caiu como uma bomba na prefeitura de Itapetinga. Quem mais sentiu foi o locutor oficial, que acusou o golpe no seu programa &#8220;Chicote no Povo&#8221;, hoje pela manh\u00e3. Nervoso e descontrolado, o laranj\u00e3o criticou a vereadora Naara Duarte (DEM)\u00a0por ter participado das [&hellip;]<\/p>\n","protected":false},"author":2,"featured_media":0,"comment_status":"open","ping_status":"open","sticky":false,"template":"","format":"standard","meta":{"footnotes":"","_links_to":"","_links_to_target":""},"categories":[11],"tags":[],"class_list":["post-5195","post","type-post","status-publish","format-standard","hentry","category-quentinhas"],"views":1343,"_links":{"self":[{"href":"https:\/\/www.sudoestehoje.com.br\/novoportal\/wp-json\/wp\/v2\/posts\/5195","targetHints":{"allow":["GET"]}}],"collection":[{"href":"https:\/\/www.sudoestehoje.com.br\/novoportal\/wp-json\/wp\/v2\/posts"}],"about":[{"href":"https:\/\/www.sudoestehoje.com.br\/novoportal\/wp-json\/wp\/v2\/types\/post"}],"author":[{"embeddable":true,"href":"https:\/\/www.sudoestehoje.com.br\/novoportal\/wp-json\/wp\/v2\/users\/2"}],"replies":[{"embeddable":true,"href":"https:\/\/www.sudoestehoje.com.br\/novoportal\/wp-json\/wp\/v2\/comments?post=5195"}],"version-history":[{"count":2,"href":"https:\/\/www.sudoestehoje.com.br\/novoportal\/wp-json\/wp\/v2\/posts\/5195\/revisions"}],"predecessor-version":[{"id":5197,"href":"https:\/\/www.sudoestehoje.com.br\/novoportal\/wp-json\/wp\/v2\/posts\/5195\/revisions\/5197"}],"wp:attachment":[{"href":"https:\/\/www.sudoestehoje.com.br\/novoportal\/wp-json\/wp\/v2\/media?parent=5195"}],"wp:term":[{"taxonomy":"category","embeddable":true,"href":"https:\/\/www.sudoestehoje.com.br\/novoportal\/wp-json\/wp\/v2\/categories?post=5195"},{"taxonomy":"post_tag","embeddable":true,"href":"https:\/\/www.sudoestehoje.com.br\/novoportal\/wp-json\/wp\/v2\/tags?post=5195"}],"curies":[{"name":"wp","href":"https:\/\/api.w.org\/{rel}","templated":true}]}}