
{"id":51936,"date":"2015-09-05T17:36:37","date_gmt":"2015-09-05T20:36:37","guid":{"rendered":"http:\/\/www.sudoestehoje.com.br\/novoportal\/?p=51936"},"modified":"2015-09-05T18:58:20","modified_gmt":"2015-09-05T21:58:20","slug":"bahia-estudantes-sao-flagrados-assistindo-palestra-pelados-na-ufba","status":"publish","type":"post","link":"https:\/\/www.sudoestehoje.com.br\/novoportal\/2015\/09\/05\/bahia-estudantes-sao-flagrados-assistindo-palestra-pelados-na-ufba\/","title":{"rendered":"BAHIA: ESTUDANTES S\u00c3O FLAGRADOS ASSISTINDO PALESTRA PELADOS NA UFBA"},"content":{"rendered":"<p><a href=\"http:\/\/www.sudoestehoje.com.br\/novoportal\/wp-content\/uploads\/2015\/09\/NUS-NA-UFBA.jpg\"><img loading=\"lazy\" decoding=\"async\" class=\"aligncenter  wp-image-51937\" src=\"http:\/\/www.sudoestehoje.com.br\/novoportal\/wp-content\/uploads\/2015\/09\/NUS-NA-UFBA-500x321.jpg\" alt=\"NUS NA UFBA\" width=\"500\" height=\"321\" srcset=\"https:\/\/www.sudoestehoje.com.br\/novoportal\/wp-content\/uploads\/2015\/09\/NUS-NA-UFBA-500x321.jpg 500w, https:\/\/www.sudoestehoje.com.br\/novoportal\/wp-content\/uploads\/2015\/09\/NUS-NA-UFBA.jpg 560w\" sizes=\"auto, (max-width: 500px) 100vw, 500px\" \/><\/a><\/p>\n<p>Fotos\u00a0de estudantes da Ufba assistindo a uma palestra\u00a0pelados t\u00eam criado um burburinho nas redes sociais. Na madrugada deste s\u00e1bado (5), um rapaz postou o flagra\u00a0no grupo\u00a0da universidade, no Facebook e indagou se algu\u00e9m saberia explicar o motivo das nudez expl\u00edcita no PAF III.<\/p>\n<p class=\"bodytext\">Segundo explica\u00e7\u00f5es de outros estudantes, ontem aconteceu um evento de pesquisadores da Ufba\u00a0para discuss\u00e3o e reflex\u00e3o sobre g\u00eaneros e sexualidades. A pesquisa estaria inserida no contexto de &#8220;Cultura e Sociedade&#8221; e sendo divulgada para pessoas de todo o Brasil. Ainda segundo os alunos, neste s\u00e1bado haver\u00e1 a presen\u00e7a de uma convidada internacional.<\/p>\n<p class=\"bodytext\">Algumas pessoas, no entanto,\u00a0demonstraram desaprovar o movimento:\u00a0&#8220;S\u00f3 falta afirmar que est\u00e3o gastando a grana suada e sagrada do contribuinte pagando bolsas de &#8216;pesquisas&#8217; a essa galera&#8221;, criticou um internauta. &#8220;Esse povo n\u00e3o tem mais o que inventar&#8221;, argumentou outro.<\/p>\n<p class=\"bodytext\">Mas houve quem apoiasse a nudez dos colegas e at\u00e9 quem quisesse ter participado da palestra: &#8220;Poxa, n\u00e3o fiquei sabendo.\u00a0Queria tamb\u00e9m me despir, ficar nua. Adorei&#8221;, disparou estudante. &#8220;Deveria ser mais comum do que ocorre. [&#8230;] Rid\u00edculo \u00e9 ficar engravatado num calor insuport\u00e1vel porque nos ensinaram que \u00e9 necess\u00e1rio&#8221;, rebateu outro. <em>iBahia<\/em><\/p>\n<p class=\"bodytext\"><img decoding=\"async\" class=\"aligncenter\" src=\"http:\/\/img.blogdoanderson.com\/publicidade\/cristo-redentor-02-15.jpg\" alt=\"\" \/><\/p>\n","protected":false},"excerpt":{"rendered":"<p>Fotos\u00a0de estudantes da Ufba assistindo a uma palestra\u00a0pelados t\u00eam criado um burburinho nas redes sociais. Na madrugada deste s\u00e1bado (5), um rapaz postou o flagra\u00a0no grupo\u00a0da universidade, no Facebook e indagou se algu\u00e9m saberia explicar o motivo das nudez expl\u00edcita no PAF III. Segundo explica\u00e7\u00f5es de outros estudantes, ontem aconteceu um evento de pesquisadores da [&hellip;]<\/p>\n","protected":false},"author":2,"featured_media":0,"comment_status":"open","ping_status":"open","sticky":false,"template":"","format":"standard","meta":{"footnotes":"","_links_to":"","_links_to_target":""},"categories":[1],"tags":[],"class_list":["post-51936","post","type-post","status-publish","format-standard","hentry","category-geral"],"views":3905,"_links":{"self":[{"href":"https:\/\/www.sudoestehoje.com.br\/novoportal\/wp-json\/wp\/v2\/posts\/51936","targetHints":{"allow":["GET"]}}],"collection":[{"href":"https:\/\/www.sudoestehoje.com.br\/novoportal\/wp-json\/wp\/v2\/posts"}],"about":[{"href":"https:\/\/www.sudoestehoje.com.br\/novoportal\/wp-json\/wp\/v2\/types\/post"}],"author":[{"embeddable":true,"href":"https:\/\/www.sudoestehoje.com.br\/novoportal\/wp-json\/wp\/v2\/users\/2"}],"replies":[{"embeddable":true,"href":"https:\/\/www.sudoestehoje.com.br\/novoportal\/wp-json\/wp\/v2\/comments?post=51936"}],"version-history":[{"count":2,"href":"https:\/\/www.sudoestehoje.com.br\/novoportal\/wp-json\/wp\/v2\/posts\/51936\/revisions"}],"predecessor-version":[{"id":51952,"href":"https:\/\/www.sudoestehoje.com.br\/novoportal\/wp-json\/wp\/v2\/posts\/51936\/revisions\/51952"}],"wp:attachment":[{"href":"https:\/\/www.sudoestehoje.com.br\/novoportal\/wp-json\/wp\/v2\/media?parent=51936"}],"wp:term":[{"taxonomy":"category","embeddable":true,"href":"https:\/\/www.sudoestehoje.com.br\/novoportal\/wp-json\/wp\/v2\/categories?post=51936"},{"taxonomy":"post_tag","embeddable":true,"href":"https:\/\/www.sudoestehoje.com.br\/novoportal\/wp-json\/wp\/v2\/tags?post=51936"}],"curies":[{"name":"wp","href":"https:\/\/api.w.org\/{rel}","templated":true}]}}