
{"id":51925,"date":"2015-09-05T01:23:58","date_gmt":"2015-09-05T04:23:58","guid":{"rendered":"http:\/\/www.sudoestehoje.com.br\/novoportal\/?p=51925"},"modified":"2015-09-05T19:01:49","modified_gmt":"2015-09-05T22:01:49","slug":"canoista-itapetinguense-se-classifica-para-as-olimpiadas-rio-2016","status":"publish","type":"post","link":"https:\/\/www.sudoestehoje.com.br\/novoportal\/2015\/09\/05\/canoista-itapetinguense-se-classifica-para-as-olimpiadas-rio-2016\/","title":{"rendered":"CANOISTA ITAPETINGUENSE SE CLASSIFICA PARA AS OLIMP\u00cdADAS RIO &#8211; 2016"},"content":{"rendered":"<p><a href=\"http:\/\/www.sudoestehoje.com.br\/novoportal\/wp-content\/uploads\/2015\/09\/ren\u00ea-campos-.jpg\"><img loading=\"lazy\" decoding=\"async\" class=\"aligncenter size-medium wp-image-51926\" src=\"http:\/\/www.sudoestehoje.com.br\/novoportal\/wp-content\/uploads\/2015\/09\/ren\u00ea-campos--500x256.jpg\" alt=\"ren\u00ea-campos-\" width=\"500\" height=\"256\" srcset=\"https:\/\/www.sudoestehoje.com.br\/novoportal\/wp-content\/uploads\/2015\/09\/ren\u00ea-campos--500x256.jpg 500w, https:\/\/www.sudoestehoje.com.br\/novoportal\/wp-content\/uploads\/2015\/09\/ren\u00ea-campos-.jpg 640w\" sizes=\"auto, (max-width: 500px) 100vw, 500px\" \/><\/a><\/p>\n<p>Nesta quinta-feira, o canoista itapetinguense Ren\u00ea Pereira, conquistou uma vaga para os Jogos Ol\u00edmpicos Rio &#8211; 2016, em Chamb\u00e9ry, na Fran\u00e7a. Essa \u00e9 a primeira vez que um atleta canarinho conquista uma vara com um ano de anteced\u00eancia.<\/p>\n<p>Ren\u00ea desembarcar\u00e1 neste s\u00e1bado (6) em Salvador, onde ele reside. Familiares do atleta ol\u00edmpico e colegas do clube de remo prometem realizar uma grande festa para recepcionar o mais novo integrante ol\u00edmpico do pa\u00eds, em solo brasileiro.<\/p>\n<p>Ren\u00ea \u00e9 filho do nosso querido amigo Renan Pereira, ex-Banco do Nordeste.<\/p>\n<p><img decoding=\"async\" class=\"aligncenter\" src=\"http:\/\/www.sudoestehoje.com.br\/novoportal\/wp-content\/uploads\/2014\/07\/Feira-do-Lar-1.png\" alt=\"Feira-do-Lar (1)\" \/><\/p>\n","protected":false},"excerpt":{"rendered":"<p>Nesta quinta-feira, o canoista itapetinguense Ren\u00ea Pereira, conquistou uma vaga para os Jogos Ol\u00edmpicos Rio &#8211; 2016, em Chamb\u00e9ry, na Fran\u00e7a. Essa \u00e9 a primeira vez que um atleta canarinho conquista uma vara com um ano de anteced\u00eancia. Ren\u00ea desembarcar\u00e1 neste s\u00e1bado (6) em Salvador, onde ele reside. Familiares do atleta ol\u00edmpico e colegas do [&hellip;]<\/p>\n","protected":false},"author":2,"featured_media":0,"comment_status":"open","ping_status":"open","sticky":false,"template":"","format":"standard","meta":{"footnotes":"","_links_to":"","_links_to_target":""},"categories":[1],"tags":[],"class_list":["post-51925","post","type-post","status-publish","format-standard","hentry","category-geral"],"views":1448,"_links":{"self":[{"href":"https:\/\/www.sudoestehoje.com.br\/novoportal\/wp-json\/wp\/v2\/posts\/51925","targetHints":{"allow":["GET"]}}],"collection":[{"href":"https:\/\/www.sudoestehoje.com.br\/novoportal\/wp-json\/wp\/v2\/posts"}],"about":[{"href":"https:\/\/www.sudoestehoje.com.br\/novoportal\/wp-json\/wp\/v2\/types\/post"}],"author":[{"embeddable":true,"href":"https:\/\/www.sudoestehoje.com.br\/novoportal\/wp-json\/wp\/v2\/users\/2"}],"replies":[{"embeddable":true,"href":"https:\/\/www.sudoestehoje.com.br\/novoportal\/wp-json\/wp\/v2\/comments?post=51925"}],"version-history":[{"count":2,"href":"https:\/\/www.sudoestehoje.com.br\/novoportal\/wp-json\/wp\/v2\/posts\/51925\/revisions"}],"predecessor-version":[{"id":51955,"href":"https:\/\/www.sudoestehoje.com.br\/novoportal\/wp-json\/wp\/v2\/posts\/51925\/revisions\/51955"}],"wp:attachment":[{"href":"https:\/\/www.sudoestehoje.com.br\/novoportal\/wp-json\/wp\/v2\/media?parent=51925"}],"wp:term":[{"taxonomy":"category","embeddable":true,"href":"https:\/\/www.sudoestehoje.com.br\/novoportal\/wp-json\/wp\/v2\/categories?post=51925"},{"taxonomy":"post_tag","embeddable":true,"href":"https:\/\/www.sudoestehoje.com.br\/novoportal\/wp-json\/wp\/v2\/tags?post=51925"}],"curies":[{"name":"wp","href":"https:\/\/api.w.org\/{rel}","templated":true}]}}