
{"id":51917,"date":"2015-09-05T00:24:16","date_gmt":"2015-09-05T03:24:16","guid":{"rendered":"http:\/\/www.sudoestehoje.com.br\/novoportal\/?p=51917"},"modified":"2015-09-05T00:44:24","modified_gmt":"2015-09-05T03:44:24","slug":"servidores-do-judiciario-da-bahia-encerram-greve","status":"publish","type":"post","link":"https:\/\/www.sudoestehoje.com.br\/novoportal\/2015\/09\/05\/servidores-do-judiciario-da-bahia-encerram-greve\/","title":{"rendered":"SERVIDORES DO JUDICI\u00c1RIO DA BAHIA ENCERRAM GREVE"},"content":{"rendered":"<p><a href=\"http:\/\/www.sudoestehoje.com.br\/novoportal\/wp-content\/uploads\/2015\/09\/ASSEMBLEIA-04-09.jpg\"><img loading=\"lazy\" decoding=\"async\" class=\"aligncenter size-medium wp-image-51918\" src=\"http:\/\/www.sudoestehoje.com.br\/novoportal\/wp-content\/uploads\/2015\/09\/ASSEMBLEIA-04-09-500x365.jpg\" alt=\"ASSEMBLEIA 04 09\" width=\"500\" height=\"365\" srcset=\"https:\/\/www.sudoestehoje.com.br\/novoportal\/wp-content\/uploads\/2015\/09\/ASSEMBLEIA-04-09-500x365.jpg 500w, https:\/\/www.sudoestehoje.com.br\/novoportal\/wp-content\/uploads\/2015\/09\/ASSEMBLEIA-04-09.jpg 580w\" sizes=\"auto, (max-width: 500px) 100vw, 500px\" \/><\/a><\/p>\n<p>Os servidores auxiliares do Tribunal de Justi\u00e7a da Bahia (TJ-BA) decidiram findar a greve,\u00a0em assembleia na manh\u00e3 desta sexta-feira (4). O Sindicato dos Servidores Auxiliares do Poder Judici\u00e1rio (Sintaj) aprovou o projeto de lei de reajuste salarial linear de 6,41% nos mesmos moldes do Executivo \u2013 sendo 3,5% retroativo a mar\u00e7o e 2,91% em novembro.<\/p>\n<p>O acordo com o TJ-BA ainda prev\u00ea reajuste do aux\u00edlio alimenta\u00e7\u00e3o de 6,41% \u2013 mesmo \u00edndice da reposi\u00e7\u00e3o inflacion\u00e1ria, participa\u00e7\u00e3o na comiss\u00e3o a ser criada para discutir o novo plano de cargos e sal\u00e1rios (PCS). A comiss\u00e3o ainda vai receber propostas e estudos para corrigir a distor\u00e7\u00e3o do pagamento da Vantagem Pessoal de Efici\u00eancia (VPE). Al\u00e9m desses itens, o tribunal baiano acordou de n\u00e3o cortar o ponto dos dias parados dos servidores grevistas.<\/p>\n<p>No total, os servidores que atuam nos sistemas de juizados especiais c\u00edveis de causa comum, do consumidor, juizados da inf\u00e2ncia e juventude, e servidores do tribunal ficaram 43 dias parados. A ata do acordo ser\u00e1 assinada ainda nesta sexta-feira no tribunal. Com a homologa\u00e7\u00e3o do acordo, os servidores voltam a ativa na pr\u00f3xima ter\u00e7a-feira (8).<\/p>\n<p><img decoding=\"async\" class=\"aligncenter\" src=\"http:\/\/www.sudoestehoje.com.br\/novoportal\/wp-content\/uploads\/2014\/09\/supermoda.png\" alt=\"supermoda\" \/><\/p>\n","protected":false},"excerpt":{"rendered":"<p>Os servidores auxiliares do Tribunal de Justi\u00e7a da Bahia (TJ-BA) decidiram findar a greve,\u00a0em assembleia na manh\u00e3 desta sexta-feira (4). O Sindicato dos Servidores Auxiliares do Poder Judici\u00e1rio (Sintaj) aprovou o projeto de lei de reajuste salarial linear de 6,41% nos mesmos moldes do Executivo \u2013 sendo 3,5% retroativo a mar\u00e7o e 2,91% em novembro. [&hellip;]<\/p>\n","protected":false},"author":2,"featured_media":0,"comment_status":"open","ping_status":"open","sticky":false,"template":"","format":"standard","meta":{"footnotes":"","_links_to":"","_links_to_target":""},"categories":[1],"tags":[],"class_list":["post-51917","post","type-post","status-publish","format-standard","hentry","category-geral"],"views":1523,"_links":{"self":[{"href":"https:\/\/www.sudoestehoje.com.br\/novoportal\/wp-json\/wp\/v2\/posts\/51917","targetHints":{"allow":["GET"]}}],"collection":[{"href":"https:\/\/www.sudoestehoje.com.br\/novoportal\/wp-json\/wp\/v2\/posts"}],"about":[{"href":"https:\/\/www.sudoestehoje.com.br\/novoportal\/wp-json\/wp\/v2\/types\/post"}],"author":[{"embeddable":true,"href":"https:\/\/www.sudoestehoje.com.br\/novoportal\/wp-json\/wp\/v2\/users\/2"}],"replies":[{"embeddable":true,"href":"https:\/\/www.sudoestehoje.com.br\/novoportal\/wp-json\/wp\/v2\/comments?post=51917"}],"version-history":[{"count":2,"href":"https:\/\/www.sudoestehoje.com.br\/novoportal\/wp-json\/wp\/v2\/posts\/51917\/revisions"}],"predecessor-version":[{"id":51920,"href":"https:\/\/www.sudoestehoje.com.br\/novoportal\/wp-json\/wp\/v2\/posts\/51917\/revisions\/51920"}],"wp:attachment":[{"href":"https:\/\/www.sudoestehoje.com.br\/novoportal\/wp-json\/wp\/v2\/media?parent=51917"}],"wp:term":[{"taxonomy":"category","embeddable":true,"href":"https:\/\/www.sudoestehoje.com.br\/novoportal\/wp-json\/wp\/v2\/categories?post=51917"},{"taxonomy":"post_tag","embeddable":true,"href":"https:\/\/www.sudoestehoje.com.br\/novoportal\/wp-json\/wp\/v2\/tags?post=51917"}],"curies":[{"name":"wp","href":"https:\/\/api.w.org\/{rel}","templated":true}]}}