
{"id":51884,"date":"2015-09-02T18:55:03","date_gmt":"2015-09-02T21:55:03","guid":{"rendered":"http:\/\/www.sudoestehoje.com.br\/novoportal\/?p=51884"},"modified":"2015-09-03T01:14:09","modified_gmt":"2015-09-03T04:14:09","slug":"foi-roubar-e-se-deu-mal","status":"publish","type":"post","link":"https:\/\/www.sudoestehoje.com.br\/novoportal\/2015\/09\/02\/foi-roubar-e-se-deu-mal\/","title":{"rendered":"FOI ROUBAR E SE DEU MAL"},"content":{"rendered":"<p>https:\/\/www.youtube.com\/watch?v=RzqVDxDAiPU<\/p>\n<p>Um homem suspeito de assalto em A\u00e7ail\u00e2ndia (MA), no oeste do Estado, teve uma surpresa na noite dessa ter\u00e7a-feira (1\u00ba).\u00a0Acompanhado de outro suspeito, ainda n\u00e3o localizado, Wesley Sousa de Ara\u00fajo, de 18 anos, anunciou o assalto a uma <a href=\"http:\/\/www.vitoriadaconquistanoticias.com.br\/v2\/2015\/09\/02\/lutadora-de-jiu-jitsu-e-mma-domina-ladrao-durante-assalto-no-maranhao\/#\" rel=\"nofollow\">mulher<\/a> no bairro do Jacu. O que ele n\u00e3o esperava \u00e9 que a v\u00edtima fosse faixa azul de jiu-j\u00edtsu e lutadora de artes marciais mistas, o MMA. O caso ganhou repercuss\u00e3o nas redes sociais, com um v\u00eddeo publicado na internet.<\/p>\n<p><a href=\"http:\/\/www.sudoestehoje.com.br\/novoportal\/wp-content\/uploads\/2015\/09\/lutadoravert.jpg\"><img loading=\"lazy\" decoding=\"async\" class=\"  wp-image-51885 alignleft\" src=\"http:\/\/www.sudoestehoje.com.br\/novoportal\/wp-content\/uploads\/2015\/09\/lutadoravert.jpg\" alt=\"lutadoravert\" width=\"210\" height=\"280\" \/><\/a><\/p>\n<p>Usando um golpe de jiu-j\u00edtsu conhecido como \u2018tri\u00e2ngulo\u2019, a lutadora Monique Bastos derrubou e imobilizou o ladr\u00e3o, que pretendia levar seu celular. No v\u00eddeo, o ladr\u00e3o clamava por socorro: \u201cChama a pol\u00edcia, chama a pol\u00edcia. Socorro!\u201d. Com a cabe\u00e7a ensanguentada, ele garantia que era a primeira vez no mundo do crime. \u201cSocorro, Jesus! Foi a primeira vez que eu fiz isso, senhor. Foi a primeira vez que eu fiz isso\u201d, dizia.<\/p>\n<p><span id=\"more-80958\"><\/span>\u00c0 reportagem Monique Bastos relatou como aconteceu o assalto. \u201cEstava indo para a academia, treinar. Eles chegaram de moto, tomando logo meu celular. Eu pensei que eram <a href=\"http:\/\/www.vitoriadaconquistanoticias.com.br\/v2\/2015\/09\/02\/lutadora-de-jiu-jitsu-e-mma-domina-ladrao-durante-assalto-no-maranhao\/#\" rel=\"nofollow\">amigos<\/a>, mas logo que percebi que n\u00e3o eram, dei um pux\u00e3o neles e derrubei a moto. O comparsa acabou levando meu celular\u201d, conta. Segundo a lutadora, populares queriam bater, amarrar e esfaquear o criminoso, op\u00e7\u00f5es que logo recha\u00e7ou.<\/p>\n<p><img decoding=\"async\" class=\"aligncenter\" src=\"http:\/\/img.blogdoanderson.com\/publicidade\/cristo-redentor-02-15.jpg\" alt=\"\" \/><\/p>\n","protected":false},"excerpt":{"rendered":"<p>https:\/\/www.youtube.com\/watch?v=RzqVDxDAiPU Um homem suspeito de assalto em A\u00e7ail\u00e2ndia (MA), no oeste do Estado, teve uma surpresa na noite dessa ter\u00e7a-feira (1\u00ba).\u00a0Acompanhado de outro suspeito, ainda n\u00e3o localizado, Wesley Sousa de Ara\u00fajo, de 18 anos, anunciou o assalto a uma mulher no bairro do Jacu. O que ele n\u00e3o esperava \u00e9 que a v\u00edtima fosse faixa [&hellip;]<\/p>\n","protected":false},"author":2,"featured_media":51885,"comment_status":"open","ping_status":"open","sticky":false,"template":"","format":"standard","meta":{"footnotes":"","_links_to":"","_links_to_target":""},"categories":[1],"tags":[],"class_list":["post-51884","post","type-post","status-publish","format-standard","has-post-thumbnail","hentry","category-geral"],"views":1456,"_links":{"self":[{"href":"https:\/\/www.sudoestehoje.com.br\/novoportal\/wp-json\/wp\/v2\/posts\/51884","targetHints":{"allow":["GET"]}}],"collection":[{"href":"https:\/\/www.sudoestehoje.com.br\/novoportal\/wp-json\/wp\/v2\/posts"}],"about":[{"href":"https:\/\/www.sudoestehoje.com.br\/novoportal\/wp-json\/wp\/v2\/types\/post"}],"author":[{"embeddable":true,"href":"https:\/\/www.sudoestehoje.com.br\/novoportal\/wp-json\/wp\/v2\/users\/2"}],"replies":[{"embeddable":true,"href":"https:\/\/www.sudoestehoje.com.br\/novoportal\/wp-json\/wp\/v2\/comments?post=51884"}],"version-history":[{"count":4,"href":"https:\/\/www.sudoestehoje.com.br\/novoportal\/wp-json\/wp\/v2\/posts\/51884\/revisions"}],"predecessor-version":[{"id":51890,"href":"https:\/\/www.sudoestehoje.com.br\/novoportal\/wp-json\/wp\/v2\/posts\/51884\/revisions\/51890"}],"wp:featuredmedia":[{"embeddable":true,"href":"https:\/\/www.sudoestehoje.com.br\/novoportal\/wp-json\/wp\/v2\/media\/51885"}],"wp:attachment":[{"href":"https:\/\/www.sudoestehoje.com.br\/novoportal\/wp-json\/wp\/v2\/media?parent=51884"}],"wp:term":[{"taxonomy":"category","embeddable":true,"href":"https:\/\/www.sudoestehoje.com.br\/novoportal\/wp-json\/wp\/v2\/categories?post=51884"},{"taxonomy":"post_tag","embeddable":true,"href":"https:\/\/www.sudoestehoje.com.br\/novoportal\/wp-json\/wp\/v2\/tags?post=51884"}],"curies":[{"name":"wp","href":"https:\/\/api.w.org\/{rel}","templated":true}]}}