
{"id":51874,"date":"2015-09-02T22:11:13","date_gmt":"2015-09-03T01:11:13","guid":{"rendered":"http:\/\/www.sudoestehoje.com.br\/novoportal\/?p=51874"},"modified":"2015-09-03T01:10:42","modified_gmt":"2015-09-03T04:10:42","slug":"alecio-se-reune-com-cupula-do-pt-em-salvador-e-pode-continuar-no-partido","status":"publish","type":"post","link":"https:\/\/www.sudoestehoje.com.br\/novoportal\/2015\/09\/02\/alecio-se-reune-com-cupula-do-pt-em-salvador-e-pode-continuar-no-partido\/","title":{"rendered":"AL\u00c9CIO SE RE\u00daNE COM C\u00daPULA DO PT EM SALVADOR E PODE CONTINUAR NO PARTIDO"},"content":{"rendered":"<div id=\"attachment_51875\" style=\"width: 510px\" class=\"wp-caption aligncenter\"><a href=\"http:\/\/www.sudoestehoje.com.br\/novoportal\/wp-content\/uploads\/2015\/09\/pt-e-al\u00e9cio.jpg\"><img loading=\"lazy\" decoding=\"async\" aria-describedby=\"caption-attachment-51875\" class=\"size-medium wp-image-51875\" src=\"http:\/\/www.sudoestehoje.com.br\/novoportal\/wp-content\/uploads\/2015\/09\/pt-e-al\u00e9cio-500x375.jpg\" alt=\"PT AINDA N\u00c3O DESISTIU DE AL\u00c9CIO E O VICE PODE PERMANECER NO PARTIDO, APESAR DA BRIGA FEIA COM O PREFEITO Z\u00c9 CARLOS E SEUS SECRET\u00c1RIOS\" width=\"500\" height=\"375\" srcset=\"https:\/\/www.sudoestehoje.com.br\/novoportal\/wp-content\/uploads\/2015\/09\/pt-e-al\u00e9cio-500x375.jpg 500w, https:\/\/www.sudoestehoje.com.br\/novoportal\/wp-content\/uploads\/2015\/09\/pt-e-al\u00e9cio.jpg 640w\" sizes=\"auto, (max-width: 500px) 100vw, 500px\" \/><\/a><p id=\"caption-attachment-51875\" class=\"wp-caption-text\">PT AINDA N\u00c3O DESISTIU DE AL\u00c9CIO E O VICE PODE PERMANECER NO PARTIDO, APESAR DA BRIGA FEIA COM O PREFEITO Z\u00c9 CARLOS E SEUS SECRET\u00c1RIOS (FOTO ARQUIVO GOOGLE)<\/p><\/div>\n<p>Informa\u00e7\u00f5es de bastidores d\u00e3o conta de que o vice-prefeito Al\u00e9cio Chaves (PT) estaria em Salvador, participando nesta quarta-feira, de uma reuni\u00e3o com o presidente estadual do PT, Everaldo Anuncia\u00e7\u00e3o, e com o governador Rui Costa.<\/p>\n<p>Segundo fonte ligada ao PT, o deputado Rosemberg Pinto (PT) n\u00e3o desistiu de Al\u00e9cio e vem articulando a perman\u00eancia do vice-prefeito no PT, para evitar um racha no seu grupo em Itapetinga, o que levaria a uma inevit\u00e1vel derrota nas pr\u00f3ximas elei\u00e7\u00f5es.<\/p>\n<p>O chamado de Al\u00e9cio \u00e0 capital teria sido feito com urg\u00eancia, depois que vazou a informa\u00e7\u00e3o de que ele poderia se filiar ao PSD do senador Otto Alencar, que vive furando os redutos de Rosemberg por todo o Estado, gerando um atrito entre os dois pol\u00edticos.<\/p>\n<p>A conven\u00e7\u00e3o do PSD em Itapetinga est\u00e1 marcada para o pr\u00f3ximo dia 13 de setembro e a filia\u00e7\u00e3o de Al\u00e9cio ao partido \u00e9 aguardada com muita expectativa.<\/p>\n<p>\u00c9 esperar pra ver&#8230;<\/p>\n<p><strong><em>Por Davi Ferraz<\/em><\/strong><\/p>\n<p><img decoding=\"async\" class=\" aligncenter\" src=\"http:\/\/www.sudoestehoje.com.br\/novoportal\/wp-content\/uploads\/2015\/05\/rezende-500x163-500x163.jpg\" alt=\"rezende-500x163\" \/><\/p>\n","protected":false},"excerpt":{"rendered":"<p>Informa\u00e7\u00f5es de bastidores d\u00e3o conta de que o vice-prefeito Al\u00e9cio Chaves (PT) estaria em Salvador, participando nesta quarta-feira, de uma reuni\u00e3o com o presidente estadual do PT, Everaldo Anuncia\u00e7\u00e3o, e com o governador Rui Costa. Segundo fonte ligada ao PT, o deputado Rosemberg Pinto (PT) n\u00e3o desistiu de Al\u00e9cio e vem articulando a perman\u00eancia do [&hellip;]<\/p>\n","protected":false},"author":2,"featured_media":0,"comment_status":"open","ping_status":"open","sticky":false,"template":"","format":"standard","meta":{"footnotes":"","_links_to":"","_links_to_target":""},"categories":[1],"tags":[],"class_list":["post-51874","post","type-post","status-publish","format-standard","hentry","category-geral"],"views":1985,"_links":{"self":[{"href":"https:\/\/www.sudoestehoje.com.br\/novoportal\/wp-json\/wp\/v2\/posts\/51874","targetHints":{"allow":["GET"]}}],"collection":[{"href":"https:\/\/www.sudoestehoje.com.br\/novoportal\/wp-json\/wp\/v2\/posts"}],"about":[{"href":"https:\/\/www.sudoestehoje.com.br\/novoportal\/wp-json\/wp\/v2\/types\/post"}],"author":[{"embeddable":true,"href":"https:\/\/www.sudoestehoje.com.br\/novoportal\/wp-json\/wp\/v2\/users\/2"}],"replies":[{"embeddable":true,"href":"https:\/\/www.sudoestehoje.com.br\/novoportal\/wp-json\/wp\/v2\/comments?post=51874"}],"version-history":[{"count":7,"href":"https:\/\/www.sudoestehoje.com.br\/novoportal\/wp-json\/wp\/v2\/posts\/51874\/revisions"}],"predecessor-version":[{"id":51888,"href":"https:\/\/www.sudoestehoje.com.br\/novoportal\/wp-json\/wp\/v2\/posts\/51874\/revisions\/51888"}],"wp:attachment":[{"href":"https:\/\/www.sudoestehoje.com.br\/novoportal\/wp-json\/wp\/v2\/media?parent=51874"}],"wp:term":[{"taxonomy":"category","embeddable":true,"href":"https:\/\/www.sudoestehoje.com.br\/novoportal\/wp-json\/wp\/v2\/categories?post=51874"},{"taxonomy":"post_tag","embeddable":true,"href":"https:\/\/www.sudoestehoje.com.br\/novoportal\/wp-json\/wp\/v2\/tags?post=51874"}],"curies":[{"name":"wp","href":"https:\/\/api.w.org\/{rel}","templated":true}]}}