
{"id":51865,"date":"2015-09-02T10:02:46","date_gmt":"2015-09-02T13:02:46","guid":{"rendered":"http:\/\/www.sudoestehoje.com.br\/novoportal\/?p=51865"},"modified":"2015-09-03T01:15:51","modified_gmt":"2015-09-03T04:15:51","slug":"justica-bloqueia-bens-de-10-prefeitos-da-bahia-por-desvio-no-fundeb","status":"publish","type":"post","link":"https:\/\/www.sudoestehoje.com.br\/novoportal\/2015\/09\/02\/justica-bloqueia-bens-de-10-prefeitos-da-bahia-por-desvio-no-fundeb\/","title":{"rendered":"10 PREFEITOS DA BAHIA T\u00caM BENS BLOQUEADOS POR DESVIO NO FUNDEB; METADE \u00c9 DO PDT"},"content":{"rendered":"<p><a href=\"http:\/\/www.sudoestehoje.com.br\/novoportal\/wp-content\/uploads\/2015\/09\/PF.jpg\"><img loading=\"lazy\" decoding=\"async\" class=\"aligncenter  wp-image-51866\" src=\"http:\/\/www.sudoestehoje.com.br\/novoportal\/wp-content\/uploads\/2015\/09\/PF.jpg\" alt=\"PF\" width=\"503\" height=\"289\" \/><\/a><\/p>\n<p>O Tribunal de Justi\u00e7a da Bahia (TJ-BA) determinou o bloqueio dos bens de 10 prefeitos baianos ap\u00f3s as investiga\u00e7\u00f5es da opera\u00e7\u00e3o \u201c\u00c1guia de Haia\u201d. A\u00a0<a href=\"http:\/\/www.blogdaresenhageral.com.br\/policia-federal-realiza-operacao-em-livramento-paramirim-e-outras-16-cidades-baianas\/\">a\u00e7\u00e3o deflagrada pela Pol\u00edcia Federal<\/a>\u00a0identificou desvios de recursos do Fundo de Manuten\u00e7\u00e3o e Desenvolvimento da Educa\u00e7\u00e3o B\u00e1sica e de Valoriza\u00e7\u00e3o dos Profissionais da Educa\u00e7\u00e3o (Fundeb).<\/p>\n<p>A decis\u00e3o foi publicada no Di\u00e1rio Oficial da Justi\u00e7a em 20 de julho e atinge dois prefeitos da regi\u00e3o Sudoeste do estado,\u00a0Paulo C\u00e9sar Cardoso de Oliveira (PRP), de\u00a0Livramento de Nossa Senhora, e J\u00falio Bernardo Brito Vieira Bittencourt (PSD), de\u00a0Paramirim. Os demais gestores s\u00e3o: Emiliana Assun\u00e7\u00e3o Santos (PP), de\u00a0Camamu;\u00a0Jos\u00e9 Moreira de Carvalho Neto (PDT), de\u00a0Itapicuru; Raimundo de Almeida Carvalho\u00a0(PDT), de Mairi; Dirceu Mendes Ribeiro\u00a0(PDT), de Mirangaba; Jos\u00e9 Arivaldo Ferreira Soares\u00a0(PDT), de Nova Soure;\u00a0Jos\u00e9 Bonif\u00e1cio Marques Dourado\u00a0(PT), de Ruy Barbosa; Jo\u00e3o Bosco Bittencourt\u00a0(PT),\u00a0de\u00a0Teixeira de Freitas \u00a0e Ol\u00edmpio Cardoso Filho\u00a0(PDT), de Uau\u00e1.<\/p>\n<p>A pol\u00edcia suspeita que o esquema tenha desviado o montante de R$ 57 milh\u00f5es em verbas federais para o uso exclusivo na \u00e1rea da educa\u00e7\u00e3o. O registro dos autos, no entanto, n\u00e3o foi localizado nos sistemas da Justi\u00e7a Federal ou do TJ-BA.<\/p>\n<p><img decoding=\"async\" class=\"aligncenter\" src=\"http:\/\/www.sudoestehoje.com.br\/novoportal\/wp-content\/uploads\/2014\/09\/supermoda.png\" alt=\"supermoda\" \/><\/p>\n","protected":false},"excerpt":{"rendered":"<p>O Tribunal de Justi\u00e7a da Bahia (TJ-BA) determinou o bloqueio dos bens de 10 prefeitos baianos ap\u00f3s as investiga\u00e7\u00f5es da opera\u00e7\u00e3o \u201c\u00c1guia de Haia\u201d. A\u00a0a\u00e7\u00e3o deflagrada pela Pol\u00edcia Federal\u00a0identificou desvios de recursos do Fundo de Manuten\u00e7\u00e3o e Desenvolvimento da Educa\u00e7\u00e3o B\u00e1sica e de Valoriza\u00e7\u00e3o dos Profissionais da Educa\u00e7\u00e3o (Fundeb). A decis\u00e3o foi publicada no Di\u00e1rio [&hellip;]<\/p>\n","protected":false},"author":2,"featured_media":0,"comment_status":"open","ping_status":"open","sticky":false,"template":"","format":"standard","meta":{"footnotes":"","_links_to":"","_links_to_target":""},"categories":[1],"tags":[],"class_list":["post-51865","post","type-post","status-publish","format-standard","hentry","category-geral"],"views":1973,"_links":{"self":[{"href":"https:\/\/www.sudoestehoje.com.br\/novoportal\/wp-json\/wp\/v2\/posts\/51865","targetHints":{"allow":["GET"]}}],"collection":[{"href":"https:\/\/www.sudoestehoje.com.br\/novoportal\/wp-json\/wp\/v2\/posts"}],"about":[{"href":"https:\/\/www.sudoestehoje.com.br\/novoportal\/wp-json\/wp\/v2\/types\/post"}],"author":[{"embeddable":true,"href":"https:\/\/www.sudoestehoje.com.br\/novoportal\/wp-json\/wp\/v2\/users\/2"}],"replies":[{"embeddable":true,"href":"https:\/\/www.sudoestehoje.com.br\/novoportal\/wp-json\/wp\/v2\/comments?post=51865"}],"version-history":[{"count":5,"href":"https:\/\/www.sudoestehoje.com.br\/novoportal\/wp-json\/wp\/v2\/posts\/51865\/revisions"}],"predecessor-version":[{"id":51891,"href":"https:\/\/www.sudoestehoje.com.br\/novoportal\/wp-json\/wp\/v2\/posts\/51865\/revisions\/51891"}],"wp:attachment":[{"href":"https:\/\/www.sudoestehoje.com.br\/novoportal\/wp-json\/wp\/v2\/media?parent=51865"}],"wp:term":[{"taxonomy":"category","embeddable":true,"href":"https:\/\/www.sudoestehoje.com.br\/novoportal\/wp-json\/wp\/v2\/categories?post=51865"},{"taxonomy":"post_tag","embeddable":true,"href":"https:\/\/www.sudoestehoje.com.br\/novoportal\/wp-json\/wp\/v2\/tags?post=51865"}],"curies":[{"name":"wp","href":"https:\/\/api.w.org\/{rel}","templated":true}]}}