
{"id":51851,"date":"2015-09-01T22:02:18","date_gmt":"2015-09-02T01:02:18","guid":{"rendered":"http:\/\/www.sudoestehoje.com.br\/novoportal\/?p=51851"},"modified":"2015-09-01T22:46:36","modified_gmt":"2015-09-02T01:46:36","slug":"51851","status":"publish","type":"post","link":"https:\/\/www.sudoestehoje.com.br\/novoportal\/2015\/09\/01\/51851\/","title":{"rendered":"ITARANTIM: TJ DECIDE A\u00c7\u00c3O PELA DISPUTA DA PRESID\u00caNCIA NA C\u00c2MARA DE VEREADORES"},"content":{"rendered":"<div id=\"attachment_51780\" style=\"width: 425px\" class=\"wp-caption aligncenter\"><a href=\"http:\/\/www.sudoestehoje.com.br\/novoportal\/wp-content\/uploads\/2015\/08\/ita.jpg\"><img loading=\"lazy\" decoding=\"async\" aria-describedby=\"caption-attachment-51780\" class=\"size-full wp-image-51780\" src=\"http:\/\/www.sudoestehoje.com.br\/novoportal\/wp-content\/uploads\/2015\/08\/ita.jpg\" alt=\"DISPUTA ENTRE DUDU DOS TUTAS E JU ROLD\u00c3O CHEGA NA RETA FINAL\" width=\"415\" height=\"393\" \/><\/a><p id=\"caption-attachment-51780\" class=\"wp-caption-text\">DISPUTA ENTRE DUDU DOS TUTAS E JU ROLD\u00c3O CHEGA NA RETA FINAL<\/p><\/div>\n<p>No final da tarde desta ter\u00e7a-feira (1), o Tribunal de Justi\u00e7a da Bahia julgou o m\u00e9rito da a\u00e7\u00e3o que envolve a disputa pela presid\u00eancia da C\u00e2mara de Vereadores de Itarantim, entre os vereadores Dudu dos Tutas (PSB) e Ju Rold\u00e3o (PT), depois de um empate na elei\u00e7\u00e3o realizada no final do ano passado.<\/p>\n<p>Como a Regimento Interno da C\u00e2mara de Itarantim n\u00e3o prev\u00ea crit\u00e9rio de desempate, os dois vereadores vinham se revesando na presid\u00eancia da Casa Legislativa, atrav\u00e9s de uma chuva de liminares concedidas pelos pr\u00f3prios desembargadores do TJ.<\/p>\n<p>Agora, o Pleno do tribunal estabeleceu que dever\u00e1 haver uma nova vota\u00e7\u00e3o na c\u00e2mara, no prazo de 10 dias, para definir o crit\u00e9rio de desempate que dever\u00e1 ser adotado. Se a maioria dos vereadores decidirem que que o crit\u00e9rio de desempate ser\u00e1 por idade, J\u00fa Rold\u00e3o permanecer\u00e1 na presid\u00eancia, por ser mais velho que Dudu. Mas se a maioria decidir pelo crit\u00e9rio do vereador mais votado na \u00faltima elei\u00e7\u00e3o, Dudu dos Tutas reassumir\u00e1 a presid\u00eancia da C\u00e2mara, pois obteve maior vota\u00e7\u00e3o que J\u00fa Rold\u00e3o, o atual presidente.<\/p>\n<p>A guerra pelos votos j\u00e1 come\u00e7ou.<\/p>\n<p><strong><em>Por Davi Ferraz<\/em><\/strong><\/p>\n<p><img decoding=\"async\" class=\"aligncenter\" src=\"http:\/\/www.sudoestehoje.com.br\/novoportal\/wp-content\/uploads\/2015\/02\/NOVO-BANNER-COOLEITE-500x250.jpg\" alt=\"NOVO BANNER COOLEITE\" \/><\/p>\n","protected":false},"excerpt":{"rendered":"<p>No final da tarde desta ter\u00e7a-feira (1), o Tribunal de Justi\u00e7a da Bahia julgou o m\u00e9rito da a\u00e7\u00e3o que envolve a disputa pela presid\u00eancia da C\u00e2mara de Vereadores de Itarantim, entre os vereadores Dudu dos Tutas (PSB) e Ju Rold\u00e3o (PT), depois de um empate na elei\u00e7\u00e3o realizada no final do ano passado. Como a [&hellip;]<\/p>\n","protected":false},"author":2,"featured_media":0,"comment_status":"open","ping_status":"open","sticky":false,"template":"","format":"standard","meta":{"footnotes":"","_links_to":"","_links_to_target":""},"categories":[1],"tags":[],"class_list":["post-51851","post","type-post","status-publish","format-standard","hentry","category-geral"],"views":1331,"_links":{"self":[{"href":"https:\/\/www.sudoestehoje.com.br\/novoportal\/wp-json\/wp\/v2\/posts\/51851","targetHints":{"allow":["GET"]}}],"collection":[{"href":"https:\/\/www.sudoestehoje.com.br\/novoportal\/wp-json\/wp\/v2\/posts"}],"about":[{"href":"https:\/\/www.sudoestehoje.com.br\/novoportal\/wp-json\/wp\/v2\/types\/post"}],"author":[{"embeddable":true,"href":"https:\/\/www.sudoestehoje.com.br\/novoportal\/wp-json\/wp\/v2\/users\/2"}],"replies":[{"embeddable":true,"href":"https:\/\/www.sudoestehoje.com.br\/novoportal\/wp-json\/wp\/v2\/comments?post=51851"}],"version-history":[{"count":5,"href":"https:\/\/www.sudoestehoje.com.br\/novoportal\/wp-json\/wp\/v2\/posts\/51851\/revisions"}],"predecessor-version":[{"id":51856,"href":"https:\/\/www.sudoestehoje.com.br\/novoportal\/wp-json\/wp\/v2\/posts\/51851\/revisions\/51856"}],"wp:attachment":[{"href":"https:\/\/www.sudoestehoje.com.br\/novoportal\/wp-json\/wp\/v2\/media?parent=51851"}],"wp:term":[{"taxonomy":"category","embeddable":true,"href":"https:\/\/www.sudoestehoje.com.br\/novoportal\/wp-json\/wp\/v2\/categories?post=51851"},{"taxonomy":"post_tag","embeddable":true,"href":"https:\/\/www.sudoestehoje.com.br\/novoportal\/wp-json\/wp\/v2\/tags?post=51851"}],"curies":[{"name":"wp","href":"https:\/\/api.w.org\/{rel}","templated":true}]}}