
{"id":51820,"date":"2015-09-01T17:38:51","date_gmt":"2015-09-01T20:38:51","guid":{"rendered":"http:\/\/www.sudoestehoje.com.br\/novoportal\/?p=51820"},"modified":"2015-09-02T12:43:23","modified_gmt":"2015-09-02T15:43:23","slug":"resolucao-do-tse-nao-permite-candidatura-de-ze-carlos-a-vice-prefeito","status":"publish","type":"post","link":"https:\/\/www.sudoestehoje.com.br\/novoportal\/2015\/09\/01\/resolucao-do-tse-nao-permite-candidatura-de-ze-carlos-a-vice-prefeito\/","title":{"rendered":"RESOLU\u00c7\u00c3O DO TSE N\u00c3O PERMITE CANDIDATURA DE Z\u00c9 CARLOS A VICE-PREFEITO"},"content":{"rendered":"<p><a href=\"http:\/\/www.sudoestehoje.com.br\/novoportal\/wp-content\/uploads\/2015\/09\/Z\u00c9.jpg\"><img loading=\"lazy\" decoding=\"async\" class=\"aligncenter size-medium wp-image-51821\" src=\"http:\/\/www.sudoestehoje.com.br\/novoportal\/wp-content\/uploads\/2015\/09\/Z\u00c9-500x375.jpg\" alt=\"Z\u00c9\" width=\"500\" height=\"375\" \/><\/a><\/p>\n<p>Vem ganhando corpo nas hostes petistas em Itapetinga, uma articula\u00e7\u00e3o que visa manter o prefeito Z\u00e9 Carlos no poder, por mais 4 ou at\u00e9 8 anos, numa suposta candidatura a vice-prefeito, no pr\u00f3ximo pleito, como, noticiamos em mat\u00e9ria neste blog.<\/p>\n<p>A pretens\u00e3o dos articuladores de Z\u00e9 Carlos, entretanto, \u00e9 absurda e n\u00e3o conta com nenhum amparo legal, vez que a Resolu\u00e7\u00e3o n\u00ba 21.483\/DF, do TSE \u00e9 taxativa em n\u00e3o permitir esse tipo de jogada pol\u00edtica, que visa t\u00e3o somente burlar a lei, para perpetuar algu\u00e9m no poder, o que \u00e9 vedado pela Constitui\u00e7\u00e3o. Confira, abaixo, coment\u00e1rio sobre o que diz a Resolu\u00e7\u00e3o do Tribunal Superior Eleitoral:<\/p>\n<p><em>&#8220;Aquele que ocupou cargo de prefeito no \u00faltimo mandato teria que renunciar no prazo estabelecido para poder se candidatar a vice-prefeito ou a vereador. Contudo, se o prefeito j\u00e1 se reelegeu para o segundo mandato consecutivo, n\u00e3o pode, em seguida, se candidatar para o cargo de vice-prefeito, independentemente de ter renunciado at\u00e9 seis meses antes da reelei\u00e7\u00e3o. Isso porque &#8216;poderia tornar-se titular pela terceira vez consecutiva nas hip\u00f3teses de substitui\u00e7\u00e3o e sucess\u00e3o&#8217; (GOMES, 2010, p. 155)&#8221;.<\/em><\/p>\n<p>Alguma d\u00favida?<\/p>\n<p><strong><em>Por Davi Ferraz<\/em><\/strong><\/p>\n<p><img decoding=\"async\" class=\"aligncenter\" src=\"http:\/\/www.sudoestehoje.com.br\/novoportal\/wp-content\/uploads\/2014\/12\/skala-novo.jpg\" alt=\"skala novo\" \/><\/p>\n","protected":false},"excerpt":{"rendered":"<p>Vem ganhando corpo nas hostes petistas em Itapetinga, uma articula\u00e7\u00e3o que visa manter o prefeito Z\u00e9 Carlos no poder, por mais 4 ou at\u00e9 8 anos, numa suposta candidatura a vice-prefeito, no pr\u00f3ximo pleito, como, noticiamos em mat\u00e9ria neste blog. A pretens\u00e3o dos articuladores de Z\u00e9 Carlos, entretanto, \u00e9 absurda e n\u00e3o conta com nenhum [&hellip;]<\/p>\n","protected":false},"author":2,"featured_media":0,"comment_status":"open","ping_status":"open","sticky":false,"template":"","format":"standard","meta":{"footnotes":"","_links_to":"","_links_to_target":""},"categories":[1],"tags":[],"class_list":["post-51820","post","type-post","status-publish","format-standard","hentry","category-geral"],"views":1702,"_links":{"self":[{"href":"https:\/\/www.sudoestehoje.com.br\/novoportal\/wp-json\/wp\/v2\/posts\/51820","targetHints":{"allow":["GET"]}}],"collection":[{"href":"https:\/\/www.sudoestehoje.com.br\/novoportal\/wp-json\/wp\/v2\/posts"}],"about":[{"href":"https:\/\/www.sudoestehoje.com.br\/novoportal\/wp-json\/wp\/v2\/types\/post"}],"author":[{"embeddable":true,"href":"https:\/\/www.sudoestehoje.com.br\/novoportal\/wp-json\/wp\/v2\/users\/2"}],"replies":[{"embeddable":true,"href":"https:\/\/www.sudoestehoje.com.br\/novoportal\/wp-json\/wp\/v2\/comments?post=51820"}],"version-history":[{"count":4,"href":"https:\/\/www.sudoestehoje.com.br\/novoportal\/wp-json\/wp\/v2\/posts\/51820\/revisions"}],"predecessor-version":[{"id":51825,"href":"https:\/\/www.sudoestehoje.com.br\/novoportal\/wp-json\/wp\/v2\/posts\/51820\/revisions\/51825"}],"wp:attachment":[{"href":"https:\/\/www.sudoestehoje.com.br\/novoportal\/wp-json\/wp\/v2\/media?parent=51820"}],"wp:term":[{"taxonomy":"category","embeddable":true,"href":"https:\/\/www.sudoestehoje.com.br\/novoportal\/wp-json\/wp\/v2\/categories?post=51820"},{"taxonomy":"post_tag","embeddable":true,"href":"https:\/\/www.sudoestehoje.com.br\/novoportal\/wp-json\/wp\/v2\/tags?post=51820"}],"curies":[{"name":"wp","href":"https:\/\/api.w.org\/{rel}","templated":true}]}}