
{"id":51807,"date":"2015-09-01T10:03:16","date_gmt":"2015-09-01T13:03:16","guid":{"rendered":"http:\/\/www.sudoestehoje.com.br\/novoportal\/?p=51807"},"modified":"2015-09-01T10:03:16","modified_gmt":"2015-09-01T13:03:16","slug":"caatiba-populacao-de-sao-jose-do-colonia-agradece-trabalho-do-prefeito-junior-mendes","status":"publish","type":"post","link":"https:\/\/www.sudoestehoje.com.br\/novoportal\/2015\/09\/01\/caatiba-populacao-de-sao-jose-do-colonia-agradece-trabalho-do-prefeito-junior-mendes\/","title":{"rendered":"CAATIBA: POPULA\u00c7\u00c3O DE S\u00c3O JOS\u00c9 DO COL\u00d4NIA AGRADECE TRABALHO DO PREFEITO JUNIOR MENDES"},"content":{"rendered":"<div id=\"attachment_51808\" style=\"width: 510px\" class=\"wp-caption aligncenter\"><a href=\"http:\/\/www.sudoestehoje.com.br\/novoportal\/wp-content\/uploads\/2015\/09\/SJ.jpg\"><img loading=\"lazy\" decoding=\"async\" aria-describedby=\"caption-attachment-51808\" class=\"size-medium wp-image-51808\" src=\"http:\/\/www.sudoestehoje.com.br\/novoportal\/wp-content\/uploads\/2015\/09\/SJ-500x287.jpg\" alt=\"POPULA\u00c7\u00c3O DE S\u00c3O JOS\u00c9 DO COL\u00d4NIA AGRADECE AO PREFEITO JUNIOR MENDES E RECONHECE O TRABALHO QUE A ADMINISTRA\u00c7\u00c3O 'JUNTOS PODEMOS MAIS' VEM REALIZANDO NO DISTRITO.\" width=\"500\" height=\"287\" srcset=\"https:\/\/www.sudoestehoje.com.br\/novoportal\/wp-content\/uploads\/2015\/09\/SJ-500x287.jpg 500w, https:\/\/www.sudoestehoje.com.br\/novoportal\/wp-content\/uploads\/2015\/09\/SJ-700x402.jpg 700w, https:\/\/www.sudoestehoje.com.br\/novoportal\/wp-content\/uploads\/2015\/09\/SJ.jpg 960w\" sizes=\"auto, (max-width: 500px) 100vw, 500px\" \/><\/a><p id=\"caption-attachment-51808\" class=\"wp-caption-text\">POPULA\u00c7\u00c3O DE S\u00c3O JOS\u00c9 DO COL\u00d4NIA AGRADECE AO PREFEITO JUNIOR MENDES E RECONHECE O TRABALHO QUE A ADMINISTRA\u00c7\u00c3O &#8216;JUNTOS PODEMOS MAIS&#8217; VEM REALIZANDO NO DISTRITO.<\/p><\/div>\n<p><strong><em>Ascom<\/em><\/strong><\/p>\n<p>Na tarde desta sexta-feira, 28, o prefeito Junior Mendes se reuniu no Distrito de s\u00e3o Jos\u00e9 do Col\u00f4nia com autoridades locais, funcion\u00e1rios e comunidade para fazer uma avalia\u00e7\u00e3o dos dois anos e oito meses de governo. Tamb\u00e9m estavam presentes a Primeira Dama Kelly Greyce, a Secret\u00e1ria de Educa\u00e7\u00e3o Sueli Cardoso, Secret\u00e1rio de Servi\u00e7os P\u00fablicos Jorge dos Anjos, Chefe do Setor Pessoal Jo\u00e3o Gualberto, o Secret\u00e1rio de Administra\u00e7\u00e3o Cleveland Santos, O Vereador Vanderlan Marques, Os Colaboradores Zelito e Z\u00e9 de Zacarias, dentre outros.<\/p>\n<p><a href=\"http:\/\/www.sudoestehoje.com.br\/novoportal\/wp-content\/uploads\/2015\/09\/SJ-1.jpg\"><img loading=\"lazy\" decoding=\"async\" class=\"aligncenter size-medium wp-image-51809\" src=\"http:\/\/www.sudoestehoje.com.br\/novoportal\/wp-content\/uploads\/2015\/09\/SJ-1-500x295.jpg\" alt=\"SJ 1\" width=\"500\" height=\"295\" srcset=\"https:\/\/www.sudoestehoje.com.br\/novoportal\/wp-content\/uploads\/2015\/09\/SJ-1-500x295.jpg 500w, https:\/\/www.sudoestehoje.com.br\/novoportal\/wp-content\/uploads\/2015\/09\/SJ-1-700x413.jpg 700w, https:\/\/www.sudoestehoje.com.br\/novoportal\/wp-content\/uploads\/2015\/09\/SJ-1.jpg 960w\" sizes=\"auto, (max-width: 500px) 100vw, 500px\" \/><\/a><br \/>\nSeguindo a proposta de governo democr\u00e1tico e participativo foi franqueada a palavra para os presentes exporem sobre o andamento da administra\u00e7\u00e3o. V\u00e1rios pontos foram abordados como sa\u00fade, educa\u00e7\u00e3o, estradas, seguran\u00e7a e agradecimentos \u00e0s conquistas realizadas ao logo do governo. Elogiaram a pontualidade no pagamento dos sal\u00e1rios, realidade diferente de outros munic\u00edpios, neste tempo de crise, parabenizaram pelo pagamento do piso salarial aos professores, sal\u00e1rio fam\u00edlia, entre outros benef\u00edcios.<\/p>\n<p><a href=\"http:\/\/www.sudoestehoje.com.br\/novoportal\/wp-content\/uploads\/2015\/09\/SJ-2.jpg\"><img loading=\"lazy\" decoding=\"async\" class=\"aligncenter size-medium wp-image-51810\" src=\"http:\/\/www.sudoestehoje.com.br\/novoportal\/wp-content\/uploads\/2015\/09\/SJ-2-500x331.jpg\" alt=\"SJ 2\" width=\"500\" height=\"331\" srcset=\"https:\/\/www.sudoestehoje.com.br\/novoportal\/wp-content\/uploads\/2015\/09\/SJ-2-500x331.jpg 500w, https:\/\/www.sudoestehoje.com.br\/novoportal\/wp-content\/uploads\/2015\/09\/SJ-2-700x463.jpg 700w, https:\/\/www.sudoestehoje.com.br\/novoportal\/wp-content\/uploads\/2015\/09\/SJ-2.jpg 960w\" sizes=\"auto, (max-width: 500px) 100vw, 500px\" \/><\/a><br \/>\nO prefeito Junior Mendes em sua fala demonstrou a preocupa\u00e7\u00e3o com a seguran\u00e7a p\u00fablica garantindo que sempre lutou na busca de melhorias para a mesma, propondo alternativas e estrat\u00e9gias, entre elas a possibilidade de compra de uma viatura exclusiva para o distrito, bem como a contrata\u00e7\u00e3o de mais guardas municipais e parcerias com a Pol\u00edcia Militar, entre outros.<\/p>\n<p><a href=\"http:\/\/www.sudoestehoje.com.br\/novoportal\/wp-content\/uploads\/2015\/09\/SJ-3.jpg\"><img loading=\"lazy\" decoding=\"async\" class=\"aligncenter size-medium wp-image-51811\" src=\"http:\/\/www.sudoestehoje.com.br\/novoportal\/wp-content\/uploads\/2015\/09\/SJ-3-500x338.jpg\" alt=\"SJ 3\" width=\"500\" height=\"338\" srcset=\"https:\/\/www.sudoestehoje.com.br\/novoportal\/wp-content\/uploads\/2015\/09\/SJ-3-500x338.jpg 500w, https:\/\/www.sudoestehoje.com.br\/novoportal\/wp-content\/uploads\/2015\/09\/SJ-3-700x473.jpg 700w, https:\/\/www.sudoestehoje.com.br\/novoportal\/wp-content\/uploads\/2015\/09\/SJ-3.jpg 960w\" sizes=\"auto, (max-width: 500px) 100vw, 500px\" \/><\/a><br \/>\nJustificou que agora com o tempo firme breve retornar\u00e1 a manuten\u00e7\u00e3o das estradas, pois o per\u00edodo chuvoso retardou este processo e acelerou a deteriora\u00e7\u00e3o da mesma. Sobre a educa\u00e7\u00e3o comemorou os avan\u00e7os entre eles a constru\u00e7\u00e3o de uma creche e aquisi\u00e7\u00e3o de mobili\u00e1rios novos dignificando o atendimento aos filhos dos cidad\u00e3os de s\u00e3o Jos\u00e9. Na oportunidade mencionou a possibilidade da constru\u00e7\u00e3o de uma escola com dois pavimentos, inclusive com planta j\u00e1 elaborada e aprovada. Falou sobre a pavimenta\u00e7\u00e3o de ruas e que daria continuidade a este trabalho. Relatou sobre as a\u00e7\u00f5es da secretaria de Assist\u00eancia Social entre elas a constru\u00e7\u00e3o e reforma de casas com m\u00e3o de obra gratuita, servi\u00e7o itinerante do Bolsa Fam\u00edlia e emiss\u00e3o de Carteira de Identidade, entre outros.<br \/>\n<a href=\"http:\/\/www.sudoestehoje.com.br\/novoportal\/wp-content\/uploads\/2015\/09\/SJ-4.jpg\"><img loading=\"lazy\" decoding=\"async\" class=\"aligncenter size-medium wp-image-51812\" src=\"http:\/\/www.sudoestehoje.com.br\/novoportal\/wp-content\/uploads\/2015\/09\/SJ-4-500x277.jpg\" alt=\"SJ 4\" width=\"500\" height=\"277\" srcset=\"https:\/\/www.sudoestehoje.com.br\/novoportal\/wp-content\/uploads\/2015\/09\/SJ-4-500x277.jpg 500w, https:\/\/www.sudoestehoje.com.br\/novoportal\/wp-content\/uploads\/2015\/09\/SJ-4-700x388.jpg 700w, https:\/\/www.sudoestehoje.com.br\/novoportal\/wp-content\/uploads\/2015\/09\/SJ-4.jpg 960w\" sizes=\"auto, (max-width: 500px) 100vw, 500px\" \/><\/a><br \/>\nNa sa\u00fade falou do atendimento igualit\u00e1rio a todos, algo diferente em outra \u00e9poca, al\u00e9m da contrata\u00e7\u00e3o de m\u00e9dica e enfermeira residentes no Distrito. Justificou que estava tendo dificuldade na contrata\u00e7\u00e3o de dentista por car\u00eancia deste profissional, mas que agora conseguiu e que dentro em breve estar\u00e1 atendendo ao povo de S\u00e3o Jos\u00e9.<\/p>\n<p><a href=\"http:\/\/www.sudoestehoje.com.br\/novoportal\/wp-content\/uploads\/2015\/09\/SJ-5.jpg\"><img loading=\"lazy\" decoding=\"async\" class=\"aligncenter size-medium wp-image-51813\" src=\"http:\/\/www.sudoestehoje.com.br\/novoportal\/wp-content\/uploads\/2015\/09\/SJ-5-500x323.jpg\" alt=\"SJ 5\" width=\"500\" height=\"323\" srcset=\"https:\/\/www.sudoestehoje.com.br\/novoportal\/wp-content\/uploads\/2015\/09\/SJ-5-500x323.jpg 500w, https:\/\/www.sudoestehoje.com.br\/novoportal\/wp-content\/uploads\/2015\/09\/SJ-5-700x453.jpg 700w, https:\/\/www.sudoestehoje.com.br\/novoportal\/wp-content\/uploads\/2015\/09\/SJ-5.jpg 960w\" sizes=\"auto, (max-width: 500px) 100vw, 500px\" \/><\/a><\/p>\n<p>Sobre a coleta de lixo afirmou que agora, na atual administra\u00e7\u00e3o, est\u00e1 sendo feita diariamente e que precisa do total apoio da popula\u00e7\u00e3o para obedecer aos hor\u00e1rios da coleta. Distrito limpo \u00e9 direito e dever dos moradores.\u00a0<!--more--><br \/>\nDEPOIMENTOS<\/p>\n<p>\u201cQuero agradecer o carinho de todos. Sabemos que ainda temos muito a fazer pelo Distrito e vamos fazer. Garanto uma coisa a todos voc\u00eas. Se um dia essa regi\u00e3o foi esquecida hoje n\u00e3o \u00e9 mais, pois estamos aqui e estaremos muito mais, e vamos trabalhar para que os moradores do Distrito de S\u00e3o Jos\u00e9 do Col\u00f4nia tenham muito mais respeito e dignidade.&#8221; afirmou o prefeito Junior Mendes.<\/p>\n<p>&#8220;A sa\u00fade daqui melhorou muito. Hoje temos m\u00e9dicos, a hora que a gente chega no posto, a gente \u00e9 bem tratado e bem atendido. Antigamente a gente n\u00e3o via isso aqui. A gente era muito humilhado. Para conseguir um exame, tinha que se deslocar para os munic\u00edpios mais pr\u00f3ximos e mesmo assim era dif\u00edcil. O atendimento m\u00e9dico melhorou muito mesmo. Era muito dif\u00edcil. A gente sofria muito aqui prefeito.&#8221; disse, agradecida e emocionada, a moradora Maria<\/p>\n<p>&#8220;Eu n\u00e3o tinha esperan\u00e7a de me formar. Antes a gente n\u00e3o tinha nem um tipo de apoio por parte do poder p\u00fablico. Era s\u00f3 uma reformazinha nas escolas, e mesmo assim quando faziam, s\u00f3 isso e olhe l\u00e1. Hoje prefeito, hoje eu tenho uma forma\u00e7\u00e3o. Me formei e hoje fico orgulhoso em dizer que tenho um segundo grau completo. A gente ver aqui professores com a forma\u00e7\u00e3o do n\u00edvel superior, o que antes n\u00e3o tinha. Sei que precisa ser feito muito ainda. Mas, \u00e9 preciso reconhecer que o senhor fez muito tamb\u00e9m. Hoje, quando eu olho a minha filhinha estudando em um local decente, como \u00e9 aquela creche que voc\u00ea constru\u00edram aqui, tudo bonito e limpinho, um espa\u00e7o feito com amor. Eu agrade\u00e7o primeiramente \u00e0 Deus e depois ao senhor, pelo empenho e preocupa\u00e7\u00e3o.&#8221; disse Andr\u00e9, pai de uma aluna da nova creche e morador da localidade.<\/p>\n<p>&#8220;Olha prefeito, quero dizer ao senhor que eu era do outro lado, n\u00e3o votei no senhor. Mas, nem por isso fui perseguida por fazer parte de um outro grupo pol\u00edtico, pelo contr\u00e1rio, eu nunca tive esse carinho e cuidado que estou tendo agora. Nunca tive esse valor. Obrigado pela oportunidade que o senhor me deu. E pode contar comigo (risos)&#8221;. agradeceu, a professora Ana Paula<\/p>\n<p>Ap\u00f3s as entusiasmadas falas dos oradores, as pessoas presentes na reuni\u00e3o receberam singelas homenagens do prefeito atrav\u00e9s de entregas de brindes sorteados entre todos que ali estavam.<\/p>\n","protected":false},"excerpt":{"rendered":"<p>Ascom Na tarde desta sexta-feira, 28, o prefeito Junior Mendes se reuniu no Distrito de s\u00e3o Jos\u00e9 do Col\u00f4nia com autoridades locais, funcion\u00e1rios e comunidade para fazer uma avalia\u00e7\u00e3o dos dois anos e oito meses de governo. Tamb\u00e9m estavam presentes a Primeira Dama Kelly Greyce, a Secret\u00e1ria de Educa\u00e7\u00e3o Sueli Cardoso, Secret\u00e1rio de Servi\u00e7os P\u00fablicos [&hellip;]<\/p>\n","protected":false},"author":2,"featured_media":0,"comment_status":"open","ping_status":"open","sticky":false,"template":"","format":"standard","meta":{"footnotes":"","_links_to":"","_links_to_target":""},"categories":[1],"tags":[],"class_list":["post-51807","post","type-post","status-publish","format-standard","hentry","category-geral"],"views":1708,"_links":{"self":[{"href":"https:\/\/www.sudoestehoje.com.br\/novoportal\/wp-json\/wp\/v2\/posts\/51807","targetHints":{"allow":["GET"]}}],"collection":[{"href":"https:\/\/www.sudoestehoje.com.br\/novoportal\/wp-json\/wp\/v2\/posts"}],"about":[{"href":"https:\/\/www.sudoestehoje.com.br\/novoportal\/wp-json\/wp\/v2\/types\/post"}],"author":[{"embeddable":true,"href":"https:\/\/www.sudoestehoje.com.br\/novoportal\/wp-json\/wp\/v2\/users\/2"}],"replies":[{"embeddable":true,"href":"https:\/\/www.sudoestehoje.com.br\/novoportal\/wp-json\/wp\/v2\/comments?post=51807"}],"version-history":[{"count":2,"href":"https:\/\/www.sudoestehoje.com.br\/novoportal\/wp-json\/wp\/v2\/posts\/51807\/revisions"}],"predecessor-version":[{"id":51815,"href":"https:\/\/www.sudoestehoje.com.br\/novoportal\/wp-json\/wp\/v2\/posts\/51807\/revisions\/51815"}],"wp:attachment":[{"href":"https:\/\/www.sudoestehoje.com.br\/novoportal\/wp-json\/wp\/v2\/media?parent=51807"}],"wp:term":[{"taxonomy":"category","embeddable":true,"href":"https:\/\/www.sudoestehoje.com.br\/novoportal\/wp-json\/wp\/v2\/categories?post=51807"},{"taxonomy":"post_tag","embeddable":true,"href":"https:\/\/www.sudoestehoje.com.br\/novoportal\/wp-json\/wp\/v2\/tags?post=51807"}],"curies":[{"name":"wp","href":"https:\/\/api.w.org\/{rel}","templated":true}]}}