
{"id":51768,"date":"2015-08-31T18:00:38","date_gmt":"2015-08-31T21:00:38","guid":{"rendered":"http:\/\/www.sudoestehoje.com.br\/novoportal\/?p=51768"},"modified":"2015-08-31T18:01:01","modified_gmt":"2015-08-31T21:01:01","slug":"absurdo-pt-cogita-chapa-com-tiquinho-para-prefeito-e-ze-carlos-na-vice","status":"publish","type":"post","link":"https:\/\/www.sudoestehoje.com.br\/novoportal\/2015\/08\/31\/absurdo-pt-cogita-chapa-com-tiquinho-para-prefeito-e-ze-carlos-na-vice\/","title":{"rendered":"ABSURDO: PT COGITA CHAPA COM TIQUINHO PARA PREFEITO E Z\u00c9 CARLOS NA VICE"},"content":{"rendered":"<div id=\"attachment_51770\" style=\"width: 510px\" class=\"wp-caption aligncenter\"><a href=\"http:\/\/www.sudoestehoje.com.br\/novoportal\/wp-content\/uploads\/2015\/08\/tiquinho-e-z\u00e9-carlos.jpg\"><img loading=\"lazy\" decoding=\"async\" aria-describedby=\"caption-attachment-51770\" class=\"size-medium wp-image-51770\" src=\"http:\/\/www.sudoestehoje.com.br\/novoportal\/wp-content\/uploads\/2015\/08\/tiquinho-e-z\u00e9-carlos-500x331.jpg\" alt=\"Z\u00c9 CARLOS IMAGINA QUE PODE EXERCER TERCEIRO MANDATO CONSECUTIVO, SE CANDIDATANDO A VICE-PREFEITO DE TIQUINHO.\" width=\"500\" height=\"331\" srcset=\"https:\/\/www.sudoestehoje.com.br\/novoportal\/wp-content\/uploads\/2015\/08\/tiquinho-e-z\u00e9-carlos-500x331.jpg 500w, https:\/\/www.sudoestehoje.com.br\/novoportal\/wp-content\/uploads\/2015\/08\/tiquinho-e-z\u00e9-carlos-700x464.jpg 700w, https:\/\/www.sudoestehoje.com.br\/novoportal\/wp-content\/uploads\/2015\/08\/tiquinho-e-z\u00e9-carlos.jpg 750w\" sizes=\"auto, (max-width: 500px) 100vw, 500px\" \/><\/a><p id=\"caption-attachment-51770\" class=\"wp-caption-text\">Z\u00c9 CARLOS IMAGINA QUE PODE EXERCER TERCEIRO MANDATO CONSECUTIVO, SE CANDIDATANDO A VICE-PREFEITO DE TIQUINHO.<\/p><\/div>\n<p>Apegado e dependente do poder, o prefeito est\u00e1 delirando e reluta para n\u00e3o largar o osso, mesmo que seja em favor de um pol\u00edtico do pr\u00f3prio grupo. Primeiro cogitou lan\u00e7ar sua mulher para prefeita em 2016, o que caiu por terra quando o pr\u00f3prio governador Rui Costa disse no palanque que n\u00e3o poderia, porque a lei n\u00e3o permite. Todo mundo sabia, menos ele e seus &#8216;Aspones&#8217;.<\/p>\n<p>Agora, cogita outra ideia absurda de se lan\u00e7ar para vice em uma suposta chapa encabe\u00e7ada por Tiquinho, para tentar se manter na mamata, por mais quatro ou oito anos. A manobra n\u00e3o encontra qualquer respaldo legal, pois apesar da lei permitir que o prefeito se candidate para outro cargo eletivo, Z\u00e9 Carlos j\u00e1 foi reeleito e n\u00e3o poderia, como vice-prefeito, substituir o titular, em caso de licen\u00e7a, afastamento ou morte. Isto configuraria um terceiro mandato consecutivo, o que n\u00e3o \u00e9 permitido pela Constitui\u00e7\u00e3o Federal.<\/p>\n<p>Garanto, categoricamente, que qualquer advogado de porta de xadrez derrubaria um absurdo desses na Justi\u00e7a Eleitoral, com pouco esfor\u00e7o. Nem precisa Rui Costa avisar&#8230;<\/p>\n<p><strong><em>Por Davi Ferraz\u00a0<\/em><\/strong><\/p>\n<p><img decoding=\"async\" class=\"aligncenter\" src=\"http:\/\/www.sudoestehoje.com.br\/novoportal\/wp-content\/uploads\/2015\/07\/%C3%93TICA-ITAPUAN-BANNER1-500x179.jpg\" alt=\"\u00d3TICA-ITAPUAN-BANNER1\" \/><\/p>\n","protected":false},"excerpt":{"rendered":"<p>Apegado e dependente do poder, o prefeito est\u00e1 delirando e reluta para n\u00e3o largar o osso, mesmo que seja em favor de um pol\u00edtico do pr\u00f3prio grupo. Primeiro cogitou lan\u00e7ar sua mulher para prefeita em 2016, o que caiu por terra quando o pr\u00f3prio governador Rui Costa disse no palanque que n\u00e3o poderia, porque a [&hellip;]<\/p>\n","protected":false},"author":2,"featured_media":0,"comment_status":"open","ping_status":"open","sticky":false,"template":"","format":"standard","meta":{"footnotes":"","_links_to":"","_links_to_target":""},"categories":[1],"tags":[],"class_list":["post-51768","post","type-post","status-publish","format-standard","hentry","category-geral"],"views":1863,"_links":{"self":[{"href":"https:\/\/www.sudoestehoje.com.br\/novoportal\/wp-json\/wp\/v2\/posts\/51768","targetHints":{"allow":["GET"]}}],"collection":[{"href":"https:\/\/www.sudoestehoje.com.br\/novoportal\/wp-json\/wp\/v2\/posts"}],"about":[{"href":"https:\/\/www.sudoestehoje.com.br\/novoportal\/wp-json\/wp\/v2\/types\/post"}],"author":[{"embeddable":true,"href":"https:\/\/www.sudoestehoje.com.br\/novoportal\/wp-json\/wp\/v2\/users\/2"}],"replies":[{"embeddable":true,"href":"https:\/\/www.sudoestehoje.com.br\/novoportal\/wp-json\/wp\/v2\/comments?post=51768"}],"version-history":[{"count":6,"href":"https:\/\/www.sudoestehoje.com.br\/novoportal\/wp-json\/wp\/v2\/posts\/51768\/revisions"}],"predecessor-version":[{"id":51794,"href":"https:\/\/www.sudoestehoje.com.br\/novoportal\/wp-json\/wp\/v2\/posts\/51768\/revisions\/51794"}],"wp:attachment":[{"href":"https:\/\/www.sudoestehoje.com.br\/novoportal\/wp-json\/wp\/v2\/media?parent=51768"}],"wp:term":[{"taxonomy":"category","embeddable":true,"href":"https:\/\/www.sudoestehoje.com.br\/novoportal\/wp-json\/wp\/v2\/categories?post=51768"},{"taxonomy":"post_tag","embeddable":true,"href":"https:\/\/www.sudoestehoje.com.br\/novoportal\/wp-json\/wp\/v2\/tags?post=51768"}],"curies":[{"name":"wp","href":"https:\/\/api.w.org\/{rel}","templated":true}]}}