
{"id":51722,"date":"2015-08-28T23:44:48","date_gmt":"2015-08-29T02:44:48","guid":{"rendered":"http:\/\/www.sudoestehoje.com.br\/novoportal\/?p=51722"},"modified":"2015-08-29T01:19:08","modified_gmt":"2015-08-29T04:19:08","slug":"itajuipe-vice-prefeito-assume-e-exonera-filho-e-nora-da-prefeita","status":"publish","type":"post","link":"https:\/\/www.sudoestehoje.com.br\/novoportal\/2015\/08\/28\/itajuipe-vice-prefeito-assume-e-exonera-filho-e-nora-da-prefeita\/","title":{"rendered":"ITAJU\u00cdPE: VICE-PREFEITO ASSUME E EXONERA FILHO E NORA DA PREFEITA"},"content":{"rendered":"<p><a href=\"http:\/\/www.sudoestehoje.com.br\/novoportal\/wp-content\/uploads\/2015\/08\/itajuipe.jpg\"><img loading=\"lazy\" decoding=\"async\" class=\"aligncenter  wp-image-51723\" src=\"http:\/\/www.sudoestehoje.com.br\/novoportal\/wp-content\/uploads\/2015\/08\/itajuipe.jpg\" alt=\"itajuipe\" width=\"501\" height=\"332\" \/><\/a><\/p>\n<p>O vice-prefeito de Itaju\u00edpe, Jorj\u00e3o (PTB), tomou posse nesta quinta-feira e a primeira medida adotada foi exonerar Humberto Badar\u00f3 da secretaria de Administra\u00e7\u00e3o e Finan\u00e7as,\u00a0e\u00a0Cadja Soares da secretaria de Desenvolvimento Social.<\/p>\n<p>Jorj\u00e3o assumiu ap\u00f3s a prefeita Gilka Badar\u00f3 (PSB) solicitar uma licen\u00e7a de 14 dias para realizar um tratamento de sa\u00fade. O que chama aten\u00e7\u00e3o \u00e9 que os exonerados s\u00e3o filho e nora da prefeita. Pol\u00edticos do Sul<\/p>\n<p><img decoding=\"async\" class=\"aligncenter\" src=\"http:\/\/www.sudoestehoje.com.br\/novoportal\/wp-content\/uploads\/2014\/12\/skala-novo.jpg\" alt=\"skala novo\" \/><\/p>\n","protected":false},"excerpt":{"rendered":"<p>O vice-prefeito de Itaju\u00edpe, Jorj\u00e3o (PTB), tomou posse nesta quinta-feira e a primeira medida adotada foi exonerar Humberto Badar\u00f3 da secretaria de Administra\u00e7\u00e3o e Finan\u00e7as,\u00a0e\u00a0Cadja Soares da secretaria de Desenvolvimento Social. Jorj\u00e3o assumiu ap\u00f3s a prefeita Gilka Badar\u00f3 (PSB) solicitar uma licen\u00e7a de 14 dias para realizar um tratamento de sa\u00fade. O que chama aten\u00e7\u00e3o [&hellip;]<\/p>\n","protected":false},"author":2,"featured_media":0,"comment_status":"open","ping_status":"open","sticky":false,"template":"","format":"standard","meta":{"footnotes":"","_links_to":"","_links_to_target":""},"categories":[1],"tags":[],"class_list":["post-51722","post","type-post","status-publish","format-standard","hentry","category-geral"],"views":1598,"_links":{"self":[{"href":"https:\/\/www.sudoestehoje.com.br\/novoportal\/wp-json\/wp\/v2\/posts\/51722","targetHints":{"allow":["GET"]}}],"collection":[{"href":"https:\/\/www.sudoestehoje.com.br\/novoportal\/wp-json\/wp\/v2\/posts"}],"about":[{"href":"https:\/\/www.sudoestehoje.com.br\/novoportal\/wp-json\/wp\/v2\/types\/post"}],"author":[{"embeddable":true,"href":"https:\/\/www.sudoestehoje.com.br\/novoportal\/wp-json\/wp\/v2\/users\/2"}],"replies":[{"embeddable":true,"href":"https:\/\/www.sudoestehoje.com.br\/novoportal\/wp-json\/wp\/v2\/comments?post=51722"}],"version-history":[{"count":2,"href":"https:\/\/www.sudoestehoje.com.br\/novoportal\/wp-json\/wp\/v2\/posts\/51722\/revisions"}],"predecessor-version":[{"id":51735,"href":"https:\/\/www.sudoestehoje.com.br\/novoportal\/wp-json\/wp\/v2\/posts\/51722\/revisions\/51735"}],"wp:attachment":[{"href":"https:\/\/www.sudoestehoje.com.br\/novoportal\/wp-json\/wp\/v2\/media?parent=51722"}],"wp:term":[{"taxonomy":"category","embeddable":true,"href":"https:\/\/www.sudoestehoje.com.br\/novoportal\/wp-json\/wp\/v2\/categories?post=51722"},{"taxonomy":"post_tag","embeddable":true,"href":"https:\/\/www.sudoestehoje.com.br\/novoportal\/wp-json\/wp\/v2\/tags?post=51722"}],"curies":[{"name":"wp","href":"https:\/\/api.w.org\/{rel}","templated":true}]}}