
{"id":51715,"date":"2015-08-28T22:55:27","date_gmt":"2015-08-29T01:55:27","guid":{"rendered":"http:\/\/www.sudoestehoje.com.br\/novoportal\/?p=51715"},"modified":"2015-08-31T17:51:19","modified_gmt":"2015-08-31T20:51:19","slug":"vereadora-naara-duarte-divulga-boletim-informativo-do-seu-mandato","status":"publish","type":"post","link":"https:\/\/www.sudoestehoje.com.br\/novoportal\/2015\/08\/28\/vereadora-naara-duarte-divulga-boletim-informativo-do-seu-mandato\/","title":{"rendered":"VEREADORA NAARA DUARTE DIVULGA BOLETIM INFORMATIVO DO SEU MANDATO"},"content":{"rendered":"<p>Numa demonstra\u00e7\u00e3o de total respeito ao seu eleitorado e \u00e0 popula\u00e7\u00e3o de Itapetinga, a vereadora Naara Duarte (DEM) vem divulgando as suas atividades parlamentares atrav\u00e9s de Boletins Informativos. A vereadora exerce o seu segundo mandato eletivo e tem atua\u00e7\u00e3o destacada na bancada de oposi\u00e7\u00e3o, na C\u00e2mara Municipal. Confira o Boletim Informativo da vereadora:<\/p>\n<div id=\"attachment_51716\" style=\"width: 510px\" class=\"wp-caption aligncenter\"><a href=\"http:\/\/www.sudoestehoje.com.br\/novoportal\/wp-content\/uploads\/2015\/08\/naara-1.jpg\"><img loading=\"lazy\" decoding=\"async\" aria-describedby=\"caption-attachment-51716\" class=\"size-medium wp-image-51716\" src=\"http:\/\/www.sudoestehoje.com.br\/novoportal\/wp-content\/uploads\/2015\/08\/naara-1-500x686.jpg\" alt=\"P\u00e1gina 1\" width=\"500\" height=\"686\" srcset=\"https:\/\/www.sudoestehoje.com.br\/novoportal\/wp-content\/uploads\/2015\/08\/naara-1-500x686.jpg 500w, https:\/\/www.sudoestehoje.com.br\/novoportal\/wp-content\/uploads\/2015\/08\/naara-1-656x900.jpg 656w, https:\/\/www.sudoestehoje.com.br\/novoportal\/wp-content\/uploads\/2015\/08\/naara-1.jpg 700w\" sizes=\"auto, (max-width: 500px) 100vw, 500px\" \/><\/a><p id=\"caption-attachment-51716\" class=\"wp-caption-text\">P\u00e1gina 1<\/p><\/div>\n<div id=\"attachment_51719\" style=\"width: 510px\" class=\"wp-caption aligncenter\"><a href=\"http:\/\/www.sudoestehoje.com.br\/novoportal\/wp-content\/uploads\/2015\/08\/naara-21.jpg\"><img loading=\"lazy\" decoding=\"async\" aria-describedby=\"caption-attachment-51719\" class=\"size-medium wp-image-51719\" src=\"http:\/\/www.sudoestehoje.com.br\/novoportal\/wp-content\/uploads\/2015\/08\/naara-21-500x689.jpg\" alt=\"P\u00e1gina 2\" width=\"500\" height=\"689\" srcset=\"https:\/\/www.sudoestehoje.com.br\/novoportal\/wp-content\/uploads\/2015\/08\/naara-21-500x689.jpg 500w, https:\/\/www.sudoestehoje.com.br\/novoportal\/wp-content\/uploads\/2015\/08\/naara-21-653x900.jpg 653w, https:\/\/www.sudoestehoje.com.br\/novoportal\/wp-content\/uploads\/2015\/08\/naara-21.jpg 697w\" sizes=\"auto, (max-width: 500px) 100vw, 500px\" \/><\/a><p id=\"caption-attachment-51719\" class=\"wp-caption-text\">P\u00e1gina 2<\/p><\/div>\n<p><img decoding=\"async\" class=\"aligncenter\" src=\"http:\/\/www.sudoestehoje.com.br\/novoportal\/wp-content\/uploads\/2015\/05\/rezende-500x163-500x163.jpg\" alt=\"rezende-500x163\" \/><\/p>\n","protected":false},"excerpt":{"rendered":"<p>Numa demonstra\u00e7\u00e3o de total respeito ao seu eleitorado e \u00e0 popula\u00e7\u00e3o de Itapetinga, a vereadora Naara Duarte (DEM) vem divulgando as suas atividades parlamentares atrav\u00e9s de Boletins Informativos. A vereadora exerce o seu segundo mandato eletivo e tem atua\u00e7\u00e3o destacada na bancada de oposi\u00e7\u00e3o, na C\u00e2mara Municipal. Confira o Boletim Informativo da vereadora:<\/p>\n","protected":false},"author":2,"featured_media":0,"comment_status":"open","ping_status":"open","sticky":false,"template":"","format":"standard","meta":{"footnotes":"","_links_to":"","_links_to_target":""},"categories":[1],"tags":[],"class_list":["post-51715","post","type-post","status-publish","format-standard","hentry","category-geral"],"views":3780,"_links":{"self":[{"href":"https:\/\/www.sudoestehoje.com.br\/novoportal\/wp-json\/wp\/v2\/posts\/51715","targetHints":{"allow":["GET"]}}],"collection":[{"href":"https:\/\/www.sudoestehoje.com.br\/novoportal\/wp-json\/wp\/v2\/posts"}],"about":[{"href":"https:\/\/www.sudoestehoje.com.br\/novoportal\/wp-json\/wp\/v2\/types\/post"}],"author":[{"embeddable":true,"href":"https:\/\/www.sudoestehoje.com.br\/novoportal\/wp-json\/wp\/v2\/users\/2"}],"replies":[{"embeddable":true,"href":"https:\/\/www.sudoestehoje.com.br\/novoportal\/wp-json\/wp\/v2\/comments?post=51715"}],"version-history":[{"count":5,"href":"https:\/\/www.sudoestehoje.com.br\/novoportal\/wp-json\/wp\/v2\/posts\/51715\/revisions"}],"predecessor-version":[{"id":51797,"href":"https:\/\/www.sudoestehoje.com.br\/novoportal\/wp-json\/wp\/v2\/posts\/51715\/revisions\/51797"}],"wp:attachment":[{"href":"https:\/\/www.sudoestehoje.com.br\/novoportal\/wp-json\/wp\/v2\/media?parent=51715"}],"wp:term":[{"taxonomy":"category","embeddable":true,"href":"https:\/\/www.sudoestehoje.com.br\/novoportal\/wp-json\/wp\/v2\/categories?post=51715"},{"taxonomy":"post_tag","embeddable":true,"href":"https:\/\/www.sudoestehoje.com.br\/novoportal\/wp-json\/wp\/v2\/tags?post=51715"}],"curies":[{"name":"wp","href":"https:\/\/api.w.org\/{rel}","templated":true}]}}