
{"id":5171,"date":"2011-05-23T18:41:14","date_gmt":"2011-05-23T21:41:14","guid":{"rendered":"http:\/\/www.sudoestehoje.com.br\/novoportal\/?p=5171"},"modified":"2011-05-23T18:41:14","modified_gmt":"2011-05-23T21:41:14","slug":"espirito-de-porco","status":"publish","type":"post","link":"https:\/\/www.sudoestehoje.com.br\/novoportal\/2011\/05\/23\/espirito-de-porco\/","title":{"rendered":"ESP\u00cdRITO DE PORCO"},"content":{"rendered":"<p style=\"text-align: center;\"><a id=\"apf9\" href=\"http:\/\/www.google.com.br\/imgres?imgurl=http:\/\/4.bp.blogspot.com\/-Z7ccqYSuH_Q\/Tapqqt-ZPdI\/AAAAAAAAAIU\/D7olsXd4HDI\/s320\/20030623-Pig.jpeg&amp;imgrefurl=http:\/\/porcoeporco.blogspot.com\/2011\/04\/espirito-de-porco.html&amp;usg=__k9QU0kyMnj97m1qSNanSEPxf10w=&amp;h=320&amp;w=219&amp;sz=17&amp;hl=pt-BR&amp;start=70&amp;zoom=1&amp;itbs=1&amp;tbnid=ARWUKQW6GiuLrM:&amp;tbnh=118&amp;tbnw=81&amp;prev=\/search%3Fq%3Desp%25C3%25ADrito%2Bde%2Bporco%26start%3D60%26hl%3Dpt-BR%26sa%3DN%26gbv%3D2%26ndsp%3D20%26biw%3D1259%26bih%3D607%26tbm%3Disch&amp;ei=mdLaTYi1HJHqgQfg7cFY\"><img loading=\"lazy\" decoding=\"async\" id=\"ipfARWUKQW6GiuLrM:\" class=\"aligncenter\" src=\"http:\/\/t0.gstatic.com\/images?q=tbn:ANd9GcS308R8muKzAQUHkR03nf_o0IAj0PJpiCKdOiz9bnoqlXDHIYAvro-dhn8\" alt=\"\" width=\"81\" height=\"118\" \/><\/a><\/p>\n<p>O famigerado locutor oficial da R\u00e1dio Laranjal, mostrou todo o seu mau car\u00e1ter em seu programa eleitoral, usando os microfones\u00a0para falar mal da 41\u00aa Esposi\u00e7\u00e3o, no intuito de esvaziar a festa e fazer demagogia pol\u00edtica em favor do seu chefe, o finado Z\u00e9 Carlos. Criticou os pre\u00e7os dos alugu\u00e9is dos bares e restaurantes, se esquecendo que a festa tem um custo alt\u00edssimo e que os propriet\u00e1rios desses estabelelecimentos s\u00f3 visam lucro, enquanto que\u00a0o Sindicato Rural n\u00e3o pode ter preju\u00edzo, sob pena de n\u00e3o poder realizar as pr\u00f3ximas exposi\u00e7\u00f5es, como j\u00e1 aconteceu no passado. Para quem disse que a Azal\u00e9ia n\u00e3o estava em crise e que tudo n\u00e3o passaava de &#8220;terrorismo dos blogs&#8221;, que a sa\u00fade p\u00fablica vai bem e que Z\u00e9 Carlos \u00e9 o melhor prefeito que Itapetinga j\u00e1 teve, pode-se esperar de tudo.<\/p>\n","protected":false},"excerpt":{"rendered":"<p>O famigerado locutor oficial da R\u00e1dio Laranjal, mostrou todo o seu mau car\u00e1ter em seu programa eleitoral, usando os microfones\u00a0para falar mal da 41\u00aa Esposi\u00e7\u00e3o, no intuito de esvaziar a festa e fazer demagogia pol\u00edtica em favor do seu chefe, o finado Z\u00e9 Carlos. Criticou os pre\u00e7os dos alugu\u00e9is dos bares e restaurantes, se esquecendo [&hellip;]<\/p>\n","protected":false},"author":2,"featured_media":0,"comment_status":"open","ping_status":"open","sticky":false,"template":"","format":"standard","meta":{"footnotes":"","_links_to":"","_links_to_target":""},"categories":[11],"tags":[],"class_list":["post-5171","post","type-post","status-publish","format-standard","hentry","category-quentinhas"],"views":1322,"_links":{"self":[{"href":"https:\/\/www.sudoestehoje.com.br\/novoportal\/wp-json\/wp\/v2\/posts\/5171","targetHints":{"allow":["GET"]}}],"collection":[{"href":"https:\/\/www.sudoestehoje.com.br\/novoportal\/wp-json\/wp\/v2\/posts"}],"about":[{"href":"https:\/\/www.sudoestehoje.com.br\/novoportal\/wp-json\/wp\/v2\/types\/post"}],"author":[{"embeddable":true,"href":"https:\/\/www.sudoestehoje.com.br\/novoportal\/wp-json\/wp\/v2\/users\/2"}],"replies":[{"embeddable":true,"href":"https:\/\/www.sudoestehoje.com.br\/novoportal\/wp-json\/wp\/v2\/comments?post=5171"}],"version-history":[{"count":2,"href":"https:\/\/www.sudoestehoje.com.br\/novoportal\/wp-json\/wp\/v2\/posts\/5171\/revisions"}],"predecessor-version":[{"id":5173,"href":"https:\/\/www.sudoestehoje.com.br\/novoportal\/wp-json\/wp\/v2\/posts\/5171\/revisions\/5173"}],"wp:attachment":[{"href":"https:\/\/www.sudoestehoje.com.br\/novoportal\/wp-json\/wp\/v2\/media?parent=5171"}],"wp:term":[{"taxonomy":"category","embeddable":true,"href":"https:\/\/www.sudoestehoje.com.br\/novoportal\/wp-json\/wp\/v2\/categories?post=5171"},{"taxonomy":"post_tag","embeddable":true,"href":"https:\/\/www.sudoestehoje.com.br\/novoportal\/wp-json\/wp\/v2\/tags?post=5171"}],"curies":[{"name":"wp","href":"https:\/\/api.w.org\/{rel}","templated":true}]}}