
{"id":51695,"date":"2015-08-28T18:06:32","date_gmt":"2015-08-28T21:06:32","guid":{"rendered":"http:\/\/www.sudoestehoje.com.br\/novoportal\/?p=51695"},"modified":"2015-08-29T01:21:50","modified_gmt":"2015-08-29T04:21:50","slug":"ilheus-e-a-unica-das-15-maiores-cidades-da-bahia-com-queda-de-populacao","status":"publish","type":"post","link":"https:\/\/www.sudoestehoje.com.br\/novoportal\/2015\/08\/28\/ilheus-e-a-unica-das-15-maiores-cidades-da-bahia-com-queda-de-populacao\/","title":{"rendered":"ILH\u00c9US \u00c9 A \u00daNICA DAS 15 MAIORES CIDADES DA BAHIA COM QUEDA DE POPULA\u00c7\u00c3O"},"content":{"rendered":"<p><a href=\"http:\/\/www.sudoestehoje.com.br\/novoportal\/wp-content\/uploads\/2015\/08\/ILH\u00c9US.jpg\"><img loading=\"lazy\" decoding=\"async\" class=\"aligncenter  wp-image-51696\" src=\"http:\/\/www.sudoestehoje.com.br\/novoportal\/wp-content\/uploads\/2015\/08\/ILH\u00c9US.jpg\" alt=\"ILH\u00c9US\" width=\"498\" height=\"367\" \/><\/a><\/p>\n<p>Das quinze maiores cidades do interior baiano, Ilh\u00e9us, no Sul do estado, foi a \u00fanica que teve baixa na popula\u00e7\u00e3o. Os dados tem como base uma estimativa da popula\u00e7\u00e3o brasileira, divulgada nesta sexta-feira (28), pelo IBGE.\u00a0Em compara\u00e7\u00e3o com o n\u00famero do ano passado, Ilh\u00e9us passou de 182.350 para 180.213, queda de 1,17%.<\/p>\n<p>No G 15 do interior baiano, a cidade que registrou maior eleva\u00e7\u00e3o foi Cama\u00e7ari, na Regi\u00e3o Metropolitana de Salvador, com quase 2% de crescimento populacional. As maiores cidades baianas continuam nas mesmas posi\u00e7\u00f5es: Feira de Santana, Vit\u00f3ria da Conquista, Cama\u00e7ari, Itabuna, Juazeiro, Ilh\u00e9us, Lauro de Freitas, Jequi\u00e9, Teixeira de Freitas, Alagoinhas, Barreiras, Porto Seguro, Sim\u00f5es Filho, Paulo Afonso e Eun\u00e1polis. BN<\/p>\n<p><img decoding=\"async\" class=\"aligncenter\" src=\"http:\/\/www.sudoestehoje.com.br\/novoportal\/wp-content\/uploads\/2015\/02\/NOVO-BANNER-COOLEITE-500x250.jpg\" alt=\"NOVO BANNER COOLEITE\" \/><\/p>\n","protected":false},"excerpt":{"rendered":"<p>Das quinze maiores cidades do interior baiano, Ilh\u00e9us, no Sul do estado, foi a \u00fanica que teve baixa na popula\u00e7\u00e3o. Os dados tem como base uma estimativa da popula\u00e7\u00e3o brasileira, divulgada nesta sexta-feira (28), pelo IBGE.\u00a0Em compara\u00e7\u00e3o com o n\u00famero do ano passado, Ilh\u00e9us passou de 182.350 para 180.213, queda de 1,17%. No G 15 [&hellip;]<\/p>\n","protected":false},"author":2,"featured_media":0,"comment_status":"open","ping_status":"open","sticky":false,"template":"","format":"standard","meta":{"footnotes":"","_links_to":"","_links_to_target":""},"categories":[1],"tags":[],"class_list":["post-51695","post","type-post","status-publish","format-standard","hentry","category-geral"],"views":2952,"_links":{"self":[{"href":"https:\/\/www.sudoestehoje.com.br\/novoportal\/wp-json\/wp\/v2\/posts\/51695","targetHints":{"allow":["GET"]}}],"collection":[{"href":"https:\/\/www.sudoestehoje.com.br\/novoportal\/wp-json\/wp\/v2\/posts"}],"about":[{"href":"https:\/\/www.sudoestehoje.com.br\/novoportal\/wp-json\/wp\/v2\/types\/post"}],"author":[{"embeddable":true,"href":"https:\/\/www.sudoestehoje.com.br\/novoportal\/wp-json\/wp\/v2\/users\/2"}],"replies":[{"embeddable":true,"href":"https:\/\/www.sudoestehoje.com.br\/novoportal\/wp-json\/wp\/v2\/comments?post=51695"}],"version-history":[{"count":2,"href":"https:\/\/www.sudoestehoje.com.br\/novoportal\/wp-json\/wp\/v2\/posts\/51695\/revisions"}],"predecessor-version":[{"id":51737,"href":"https:\/\/www.sudoestehoje.com.br\/novoportal\/wp-json\/wp\/v2\/posts\/51695\/revisions\/51737"}],"wp:attachment":[{"href":"https:\/\/www.sudoestehoje.com.br\/novoportal\/wp-json\/wp\/v2\/media?parent=51695"}],"wp:term":[{"taxonomy":"category","embeddable":true,"href":"https:\/\/www.sudoestehoje.com.br\/novoportal\/wp-json\/wp\/v2\/categories?post=51695"},{"taxonomy":"post_tag","embeddable":true,"href":"https:\/\/www.sudoestehoje.com.br\/novoportal\/wp-json\/wp\/v2\/tags?post=51695"}],"curies":[{"name":"wp","href":"https:\/\/api.w.org\/{rel}","templated":true}]}}