
{"id":51687,"date":"2015-08-28T01:32:26","date_gmt":"2015-08-28T04:32:26","guid":{"rendered":"http:\/\/www.sudoestehoje.com.br\/novoportal\/?p=51687"},"modified":"2015-08-28T01:51:19","modified_gmt":"2015-08-28T04:51:19","slug":"governo-estuda-recriar-a-cpmf-e-dividir-com-estados","status":"publish","type":"post","link":"https:\/\/www.sudoestehoje.com.br\/novoportal\/2015\/08\/28\/governo-estuda-recriar-a-cpmf-e-dividir-com-estados\/","title":{"rendered":"GOVERNO ESTUDA RECRIAR A CPMF E DIVIDIR COM ESTADOS"},"content":{"rendered":"<div>\n<p><a href=\"http:\/\/www.sudoestehoje.com.br\/novoportal\/wp-content\/uploads\/2015\/08\/cpmff.jpg\"><img loading=\"lazy\" decoding=\"async\" class=\"aligncenter  wp-image-51693\" src=\"http:\/\/www.sudoestehoje.com.br\/novoportal\/wp-content\/uploads\/2015\/08\/cpmff.jpg\" alt=\"cpmff\" width=\"500\" height=\"323\" \/><\/a><\/p>\n<p>Pressionado pela queda na arrecada\u00e7\u00e3o e pela necessidade de fechar o projeto de Or\u00e7amento de 2016 com super\u00e1vit, o governo estuda a volta da CPMF. Ciente de que o tributo enfrenta grande resist\u00eancia no Congresso, a equipe econ\u00f4mica estuda uma forma de torn\u00e1-lo palat\u00e1vel e uma alternativa em discuss\u00e3o \u00e9 a partilha com estados e munic\u00edpios. Os t\u00e9cnicos avaliam que a volta da contribui\u00e7\u00e3o seria uma fonte importante de receitas num momento de dificuldades e ainda ajudaria no trabalho de controle e fiscaliza\u00e7\u00e3o da Receita Federal.<\/p>\n<p>&#8221; A CPMF \u00e9 um tributo muito eficiente, tanto do ponto de vista arrecadat\u00f3rio, quanto do ponto de vista de fiscaliza\u00e7\u00e3o&#8221;, destacou um t\u00e9cnico do governo.<\/p>\n<p>As discuss\u00f5es em torno do projeto de lei or\u00e7ament\u00e1ria de 2016, que ser\u00e1 encaminhado ao Congresso na pr\u00f3xima segunda-feira, acentuaram as diverg\u00eancias no governo. De um lado, o Minist\u00e9rio da Fazenda defende que a proposta venha com um corte significativo nas despesas, tanto as discricion\u00e1rias quanto os gastos obrigat\u00f3rios, embora estes dependam de lei para serem cortados.<\/p>\n<div><strong>ALTERNATIVA \u00c9 SUBIR IMPOSTO<\/strong><\/div>\n<p>Caso isso n\u00e3o ocorra, a equipe do ministro Joaquim Levy avalia que ser\u00e1 preciso fazer um forte aumento de impostos. Do outro lado, os demais ministros reclamam da falta de recursos em 2015 e temem que cortes mais profundos em 2016 aprofundem a crise na economia.<\/p>\n<p>No pr\u00f3ximo ano, a meta de super\u00e1vit prim\u00e1rio (economia para o pagamento de juros da d\u00edvida p\u00fablica) \u00e9 de 0,7% do Produto Interno Bruto (PIB, soma de bens e servi\u00e7os produzidos no pa\u00eds), bem maior que a de 0,15% de 2015, que dificilmente ser\u00e1 cumprida.\u00a0Jornal O Globo<\/p>\n<p><img loading=\"lazy\" decoding=\"async\" class=\" aligncenter\" src=\"https:\/\/fbcdn-sphotos-f-a.akamaihd.net\/hphotos-ak-xpa1\/v\/t1.0-9\/1239560_1374371516132123_1042931706_n.jpg?oh=6dd56adac19a1fb1f242c394ddfdd919&amp;oe=5683BA87&amp;__gda__=1446622812_3d8f7f74ca55a97bb451575f8701d496\" alt=\"\" width=\"499\" height=\"165\" \/><\/p>\n<\/div>\n","protected":false},"excerpt":{"rendered":"<p>Pressionado pela queda na arrecada\u00e7\u00e3o e pela necessidade de fechar o projeto de Or\u00e7amento de 2016 com super\u00e1vit, o governo estuda a volta da CPMF. Ciente de que o tributo enfrenta grande resist\u00eancia no Congresso, a equipe econ\u00f4mica estuda uma forma de torn\u00e1-lo palat\u00e1vel e uma alternativa em discuss\u00e3o \u00e9 a partilha com estados e [&hellip;]<\/p>\n","protected":false},"author":2,"featured_media":0,"comment_status":"open","ping_status":"open","sticky":false,"template":"","format":"standard","meta":{"footnotes":"","_links_to":"","_links_to_target":""},"categories":[1],"tags":[],"class_list":["post-51687","post","type-post","status-publish","format-standard","hentry","category-geral"],"views":1527,"_links":{"self":[{"href":"https:\/\/www.sudoestehoje.com.br\/novoportal\/wp-json\/wp\/v2\/posts\/51687","targetHints":{"allow":["GET"]}}],"collection":[{"href":"https:\/\/www.sudoestehoje.com.br\/novoportal\/wp-json\/wp\/v2\/posts"}],"about":[{"href":"https:\/\/www.sudoestehoje.com.br\/novoportal\/wp-json\/wp\/v2\/types\/post"}],"author":[{"embeddable":true,"href":"https:\/\/www.sudoestehoje.com.br\/novoportal\/wp-json\/wp\/v2\/users\/2"}],"replies":[{"embeddable":true,"href":"https:\/\/www.sudoestehoje.com.br\/novoportal\/wp-json\/wp\/v2\/comments?post=51687"}],"version-history":[{"count":4,"href":"https:\/\/www.sudoestehoje.com.br\/novoportal\/wp-json\/wp\/v2\/posts\/51687\/revisions"}],"predecessor-version":[{"id":51694,"href":"https:\/\/www.sudoestehoje.com.br\/novoportal\/wp-json\/wp\/v2\/posts\/51687\/revisions\/51694"}],"wp:attachment":[{"href":"https:\/\/www.sudoestehoje.com.br\/novoportal\/wp-json\/wp\/v2\/media?parent=51687"}],"wp:term":[{"taxonomy":"category","embeddable":true,"href":"https:\/\/www.sudoestehoje.com.br\/novoportal\/wp-json\/wp\/v2\/categories?post=51687"},{"taxonomy":"post_tag","embeddable":true,"href":"https:\/\/www.sudoestehoje.com.br\/novoportal\/wp-json\/wp\/v2\/tags?post=51687"}],"curies":[{"name":"wp","href":"https:\/\/api.w.org\/{rel}","templated":true}]}}