
{"id":51678,"date":"2015-08-28T01:18:00","date_gmt":"2015-08-28T04:18:00","guid":{"rendered":"http:\/\/www.sudoestehoje.com.br\/novoportal\/?p=51678"},"modified":"2015-08-28T01:34:38","modified_gmt":"2015-08-28T04:34:38","slug":"nota-de-falecimento-macario-nogueira","status":"publish","type":"post","link":"https:\/\/www.sudoestehoje.com.br\/novoportal\/2015\/08\/28\/nota-de-falecimento-macario-nogueira\/","title":{"rendered":"NOTA DE FALECIMENTO &#8211; MAC\u00c1RIO NOGUEIRA"},"content":{"rendered":"<p><a href=\"http:\/\/www.sudoestehoje.com.br\/novoportal\/wp-content\/uploads\/2015\/08\/macario-1.jpg\"><img loading=\"lazy\" decoding=\"async\" class=\"  wp-image-51681 alignleft\" src=\"http:\/\/www.sudoestehoje.com.br\/novoportal\/wp-content\/uploads\/2015\/08\/macario-1.jpg\" alt=\"macario 1\" width=\"163\" height=\"194\" \/><\/a><\/p>\n<p>Faleceu em Vit\u00f3ria da Conquista, nesta quinta-feira (27), Mac\u00e1rio Nogueira Santos, antigo servidor municipal aposentado, que residiu em Itapetinga at\u00e9 a d\u00e9cada de 1970. Mac\u00e1rio era muito popular na cidade, tendo exercido em Itapetinga o cargo de Comiss\u00e1rio de Menores, numa \u00e9poca em que ainda n\u00e3o existia o Conselho Tutelar.<\/p>\n<p>Sempre sorridente, era figura agrad\u00e1vel e de muitos amigos.\u00a0Mac\u00e1rio mudou-se para Vit\u00f3ria da Conquista, h\u00e1 muitos anos, onde veio a falecer. O sepultamento ser\u00e1 nesta sexta-feira, no cemit\u00e9rio Jardim da Cidade, em Conquista.<\/p>\n<p>O Sudoeste Hoje manifesta os seus sinceros sentimentos pela perda do amigo Mac\u00e1rio.<\/p>\n<p><strong><em>Por Davi Ferraz<\/em><\/strong><\/p>\n<p><img decoding=\"async\" class=\" aligncenter\" src=\"http:\/\/www.sudoestehoje.com.br\/novoportal\/wp-content\/uploads\/2015\/05\/rezende-500x163-500x163.jpg\" alt=\"rezende-500x163\" \/><\/p>\n<p>&nbsp;<\/p>\n","protected":false},"excerpt":{"rendered":"<p>Faleceu em Vit\u00f3ria da Conquista, nesta quinta-feira (27), Mac\u00e1rio Nogueira Santos, antigo servidor municipal aposentado, que residiu em Itapetinga at\u00e9 a d\u00e9cada de 1970. Mac\u00e1rio era muito popular na cidade, tendo exercido em Itapetinga o cargo de Comiss\u00e1rio de Menores, numa \u00e9poca em que ainda n\u00e3o existia o Conselho Tutelar. Sempre sorridente, era figura agrad\u00e1vel [&hellip;]<\/p>\n","protected":false},"author":2,"featured_media":0,"comment_status":"open","ping_status":"open","sticky":false,"template":"","format":"standard","meta":{"footnotes":"","_links_to":"","_links_to_target":""},"categories":[1],"tags":[],"class_list":["post-51678","post","type-post","status-publish","format-standard","hentry","category-geral"],"views":1333,"_links":{"self":[{"href":"https:\/\/www.sudoestehoje.com.br\/novoportal\/wp-json\/wp\/v2\/posts\/51678","targetHints":{"allow":["GET"]}}],"collection":[{"href":"https:\/\/www.sudoestehoje.com.br\/novoportal\/wp-json\/wp\/v2\/posts"}],"about":[{"href":"https:\/\/www.sudoestehoje.com.br\/novoportal\/wp-json\/wp\/v2\/types\/post"}],"author":[{"embeddable":true,"href":"https:\/\/www.sudoestehoje.com.br\/novoportal\/wp-json\/wp\/v2\/users\/2"}],"replies":[{"embeddable":true,"href":"https:\/\/www.sudoestehoje.com.br\/novoportal\/wp-json\/wp\/v2\/comments?post=51678"}],"version-history":[{"count":5,"href":"https:\/\/www.sudoestehoje.com.br\/novoportal\/wp-json\/wp\/v2\/posts\/51678\/revisions"}],"predecessor-version":[{"id":51690,"href":"https:\/\/www.sudoestehoje.com.br\/novoportal\/wp-json\/wp\/v2\/posts\/51678\/revisions\/51690"}],"wp:attachment":[{"href":"https:\/\/www.sudoestehoje.com.br\/novoportal\/wp-json\/wp\/v2\/media?parent=51678"}],"wp:term":[{"taxonomy":"category","embeddable":true,"href":"https:\/\/www.sudoestehoje.com.br\/novoportal\/wp-json\/wp\/v2\/categories?post=51678"},{"taxonomy":"post_tag","embeddable":true,"href":"https:\/\/www.sudoestehoje.com.br\/novoportal\/wp-json\/wp\/v2\/tags?post=51678"}],"curies":[{"name":"wp","href":"https:\/\/api.w.org\/{rel}","templated":true}]}}