
{"id":5167,"date":"2011-05-23T17:28:42","date_gmt":"2011-05-23T20:28:42","guid":{"rendered":"http:\/\/www.sudoestehoje.com.br\/novoportal\/?p=5167"},"modified":"2011-05-23T17:31:59","modified_gmt":"2011-05-23T20:31:59","slug":"itapetinga-sandro-regis-articula-uniao-das-oposicoes-para-2012","status":"publish","type":"post","link":"https:\/\/www.sudoestehoje.com.br\/novoportal\/2011\/05\/23\/itapetinga-sandro-regis-articula-uniao-das-oposicoes-para-2012\/","title":{"rendered":"ITAPETINGA: SANDRO R\u00c9GIS ARTICULA UNI\u00c3O DAS OPOSI\u00c7\u00d5ES PARA 2012"},"content":{"rendered":"<p style=\"text-align: center;\"><img decoding=\"async\" class=\"aligncenter\" src=\"http:\/\/www.politicosdosuldabahia.com.br\/v1\/wp-content\/uploads\/sandroRegis01.jpg\" alt=\"\" \/><\/p>\n<p style=\"text-align: center;\"><em><strong>Deputado Sandro R\u00e9gis busca uma uni\u00e3o entre &#8220;Bacalhaus&#8221; e &#8220;Gabirabas&#8221;<\/strong><\/em><\/p>\n<p>\u00a0<\/p>\n<p>ITAPETINGA: Durante a sua estadia em Itapetinga, onde participou da 41\u00aa Exposi\u00e7\u00e3o Agropecu\u00e1ria, o deputado Sandro R\u00e9gis (PR), apoiado pelo seu colega peemedebista Luciano Sim\u00f5es, n\u00e3o perdeu tempo e liderou as articula\u00e7\u00f5es para formar uma frente ampla de oposi\u00e7\u00e3o, com vistas \u00e0s elei\u00e7\u00f5es municipais de 2012.<\/p>\n<p>Inicialmente, Sandro, Luciano Sim\u00f5es e a vereadora Naara Duarte fizeram uma visita ao l\u00edder democrata Jos\u00e9 Ot\u00e1vio Curvelo, que se prontificou em manter di\u00e1logo\u00a0com os seus antigos advers\u00e1rios do PMDB, para formarem um consenso em torno de uma candidatura \u00fanica, na disputa pelo prefeitura, nas pr\u00f3ximas elei\u00e7\u00f5es.<\/p>\n<p>Em seguida, visitaram o ex-prefeito Michel Hagge, em sua resid\u00eancia, que tamb\u00e9m confirmou a sua inten\u00e7\u00e3o em conversar com os democratas e demais partidos de oposi\u00e7\u00e3o, de igual para igual, a fim de formarem uma chapa \u00fanica em 2012, o que foi tamb\u00e9m tamb\u00e9m defendido pelo ex-ministro Geddel e pelo deputado federal L\u00facio Vieira Lima, presentes \u00e0 reuni\u00e3o.<\/p>\n<p>Na sexta \u00e0 noite, no leil\u00e3o Uni\u00e3o das Ra\u00e7as, no parque de exposi\u00e7\u00f5es, Sandro R\u00e9gis e Naara Duarte sentaram na mesma mesa em que estavam Michel Hagge, Geddel, L\u00facio, Luciano Sim\u00f5es, Viorginia Hagge e K\u00e1tia Espinheira, num pren\u00fancio de que as coversa\u00e7\u00f5es estavam evoluindo, de forma positiva.<\/p>\n<p>Caso essa coliga\u00e7\u00e3o venha a se concretizar, certamente ser\u00e1 o fim da linha para o fraqu\u00edssimo prefeito Z\u00e9 Carlos (PT), cuja popularidade despenca a cada dia, ambalada pelas obras inacabadas e um sem n\u00famero de den\u00fancias\u00a0que compromete, de forma irremedi\u00e1vel,\u00a0a sua\u00a0administra\u00e7\u00e3o.<\/p>\n<p><em><strong>Por DAVI FERRAZ<\/strong><\/em><\/p>\n","protected":false},"excerpt":{"rendered":"<p>Deputado Sandro R\u00e9gis busca uma uni\u00e3o entre &#8220;Bacalhaus&#8221; e &#8220;Gabirabas&#8221; \u00a0 ITAPETINGA: Durante a sua estadia em Itapetinga, onde participou da 41\u00aa Exposi\u00e7\u00e3o Agropecu\u00e1ria, o deputado Sandro R\u00e9gis (PR), apoiado pelo seu colega peemedebista Luciano Sim\u00f5es, n\u00e3o perdeu tempo e liderou as articula\u00e7\u00f5es para formar uma frente ampla de oposi\u00e7\u00e3o, com vistas \u00e0s elei\u00e7\u00f5es municipais [&hellip;]<\/p>\n","protected":false},"author":2,"featured_media":0,"comment_status":"open","ping_status":"open","sticky":false,"template":"","format":"standard","meta":{"footnotes":"","_links_to":"","_links_to_target":""},"categories":[1],"tags":[],"class_list":["post-5167","post","type-post","status-publish","format-standard","hentry","category-geral"],"views":1503,"_links":{"self":[{"href":"https:\/\/www.sudoestehoje.com.br\/novoportal\/wp-json\/wp\/v2\/posts\/5167","targetHints":{"allow":["GET"]}}],"collection":[{"href":"https:\/\/www.sudoestehoje.com.br\/novoportal\/wp-json\/wp\/v2\/posts"}],"about":[{"href":"https:\/\/www.sudoestehoje.com.br\/novoportal\/wp-json\/wp\/v2\/types\/post"}],"author":[{"embeddable":true,"href":"https:\/\/www.sudoestehoje.com.br\/novoportal\/wp-json\/wp\/v2\/users\/2"}],"replies":[{"embeddable":true,"href":"https:\/\/www.sudoestehoje.com.br\/novoportal\/wp-json\/wp\/v2\/comments?post=5167"}],"version-history":[{"count":3,"href":"https:\/\/www.sudoestehoje.com.br\/novoportal\/wp-json\/wp\/v2\/posts\/5167\/revisions"}],"predecessor-version":[{"id":5169,"href":"https:\/\/www.sudoestehoje.com.br\/novoportal\/wp-json\/wp\/v2\/posts\/5167\/revisions\/5169"}],"wp:attachment":[{"href":"https:\/\/www.sudoestehoje.com.br\/novoportal\/wp-json\/wp\/v2\/media?parent=5167"}],"wp:term":[{"taxonomy":"category","embeddable":true,"href":"https:\/\/www.sudoestehoje.com.br\/novoportal\/wp-json\/wp\/v2\/categories?post=5167"},{"taxonomy":"post_tag","embeddable":true,"href":"https:\/\/www.sudoestehoje.com.br\/novoportal\/wp-json\/wp\/v2\/tags?post=5167"}],"curies":[{"name":"wp","href":"https:\/\/api.w.org\/{rel}","templated":true}]}}