
{"id":51664,"date":"2015-08-28T00:05:40","date_gmt":"2015-08-28T03:05:40","guid":{"rendered":"http:\/\/www.sudoestehoje.com.br\/novoportal\/?p=51664"},"modified":"2015-08-28T00:07:29","modified_gmt":"2015-08-28T03:07:29","slug":"fundacao-jose-silveira-realiza-ii-simposio-sobre-diagnostico-por-imagem-de-doencas-toracicas","status":"publish","type":"post","link":"https:\/\/www.sudoestehoje.com.br\/novoportal\/2015\/08\/28\/fundacao-jose-silveira-realiza-ii-simposio-sobre-diagnostico-por-imagem-de-doencas-toracicas\/","title":{"rendered":"FUNDA\u00c7\u00c3O JOS\u00c9 SILVEIRA REALIZA II SIMP\u00d3SIO SOBRE DIAGN\u00d3STICO POR IMAGEM DE DOEN\u00c7AS TOR\u00c1CICAS"},"content":{"rendered":"<p id=\"yui_3_16_0_1_1440730513418_9449\"><a href=\"http:\/\/www.sudoestehoje.com.br\/novoportal\/wp-content\/uploads\/2015\/08\/IBIT.jpg\"><img loading=\"lazy\" decoding=\"async\" class=\"aligncenter size-medium wp-image-51665\" src=\"http:\/\/www.sudoestehoje.com.br\/novoportal\/wp-content\/uploads\/2015\/08\/IBIT-500x223.jpg\" alt=\"IBIT\" width=\"500\" height=\"223\" srcset=\"https:\/\/www.sudoestehoje.com.br\/novoportal\/wp-content\/uploads\/2015\/08\/IBIT-500x223.jpg 500w, https:\/\/www.sudoestehoje.com.br\/novoportal\/wp-content\/uploads\/2015\/08\/IBIT.jpg 674w\" sizes=\"auto, (max-width: 500px) 100vw, 500px\" \/><\/a><\/p>\n<p id=\"yui_3_16_0_1_1440730513418_9438\"><span id=\"yui_3_16_0_1_1440730513418_9437\">Os principais avan\u00e7os t\u00e9cnico-cient\u00edficos e novos indicadores em sa\u00fade ser\u00e3o apresentados no II Simp\u00f3sio sobre Diagn\u00f3stico por Imagem das Doen\u00e7as Tor\u00e1cicas, promovido pela Funda\u00e7\u00e3o Jos\u00e9 Silveira (FJS) por meio do Instituto Brasileiro de Investiga\u00e7\u00e3o da Tuberculose (IBIT) e do Centro de Pesquisas, na pr\u00f3xima <span id=\"yiv7676214695OBJ_PREFIX_DWT362_com_zimbra_date\" class=\"yiv7676214695Object\"><span id=\"yiv7676214695OBJ_PREFIX_DWT380_com_zimbra_date\" class=\"yiv7676214695Object\"><span id=\"yiv7676214695OBJ_PREFIX_DWT405_com_zimbra_date\" class=\"yiv7676214695Object\">sexta<\/span><\/span><\/span>-feira e<span id=\"yiv7676214695OBJ_PREFIX_DWT363_com_zimbra_date\" class=\"yiv7676214695Object\"><span id=\"yiv7676214695OBJ_PREFIX_DWT381_com_zimbra_date\" class=\"yiv7676214695Object\"><span id=\"yiv7676214695OBJ_PREFIX_DWT406_com_zimbra_date\" class=\"yiv7676214695Object\">s\u00e1bado<\/span><\/span><\/span> (28 e <span id=\"yui_3_16_0_1_1440730513418_9451\"><span id=\"yui_3_16_0_1_1440730513418_9450\"><span id=\"yiv7676214695OBJ_PREFIX_DWT364_com_zimbra_date\" class=\"yiv7676214695Object\"><span id=\"yiv7676214695OBJ_PREFIX_DWT382_com_zimbra_date\" class=\"yiv7676214695Object\"><span id=\"yiv7676214695OBJ_PREFIX_DWT407_com_zimbra_date\" class=\"yiv7676214695Object\">29 de agosto<\/span><\/span><\/span><\/span><\/span>). <\/span><\/p>\n<p><span id=\"yui_3_16_0_1_1440730513418_9437\">Realizado sob a coordena\u00e7\u00e3o de Dr. Jo\u00e3o Carlos Coelho Filho, coordenador t\u00e9cnico-cient\u00edfico da FJS, o evento reunir\u00e1 especialistas de renome da Bahia e do pa\u00eds para discutir desafios e oportunidades, al\u00e9m de construir parcerias para avan\u00e7ar nas pesquisas em tuberculose e em outras doen\u00e7as pulmonares.<\/span><\/p>\n<p><span id=\"yui_3_16_0_1_1440730513418_9437\"> Est\u00e3o confirmadas as presen\u00e7as de Edson dos Santos Marchiori, Doutor em Radiologia pela Universidade Federal do Rio<span id=\"yiv7676214695OBJ_PREFIX_DWT365_com_zimbra_date\" class=\"yiv7676214695Object\"> de Janeiro<\/span>, onde \u00e9 professor associado, Pedro Augusto Nascimento Daltro, especialista em Radiologia Pedi\u00e1trica p\u00f3s-graduado no European Society of Pediatric Radiology e os professores da Faculdade de Medicina da Universidade Federal da Bahia (UFBA), C\u00e9sar de Araujo Neto e Jorge Pereira, entre outros palestrantes.<\/span><\/p>\n<p><img decoding=\"async\" class=\"aligncenter\" src=\"http:\/\/img.blogdoanderson.com\/publicidade\/cristo-redentor-02-15.jpg\" alt=\"\" \/><\/p>\n","protected":false},"excerpt":{"rendered":"<p>Os principais avan\u00e7os t\u00e9cnico-cient\u00edficos e novos indicadores em sa\u00fade ser\u00e3o apresentados no II Simp\u00f3sio sobre Diagn\u00f3stico por Imagem das Doen\u00e7as Tor\u00e1cicas, promovido pela Funda\u00e7\u00e3o Jos\u00e9 Silveira (FJS) por meio do Instituto Brasileiro de Investiga\u00e7\u00e3o da Tuberculose (IBIT) e do Centro de Pesquisas, na pr\u00f3xima sexta-feira es\u00e1bado (28 e 29 de agosto). Realizado sob a coordena\u00e7\u00e3o [&hellip;]<\/p>\n","protected":false},"author":2,"featured_media":0,"comment_status":"open","ping_status":"open","sticky":false,"template":"","format":"standard","meta":{"footnotes":"","_links_to":"","_links_to_target":""},"categories":[1],"tags":[],"class_list":["post-51664","post","type-post","status-publish","format-standard","hentry","category-geral"],"views":1405,"_links":{"self":[{"href":"https:\/\/www.sudoestehoje.com.br\/novoportal\/wp-json\/wp\/v2\/posts\/51664","targetHints":{"allow":["GET"]}}],"collection":[{"href":"https:\/\/www.sudoestehoje.com.br\/novoportal\/wp-json\/wp\/v2\/posts"}],"about":[{"href":"https:\/\/www.sudoestehoje.com.br\/novoportal\/wp-json\/wp\/v2\/types\/post"}],"author":[{"embeddable":true,"href":"https:\/\/www.sudoestehoje.com.br\/novoportal\/wp-json\/wp\/v2\/users\/2"}],"replies":[{"embeddable":true,"href":"https:\/\/www.sudoestehoje.com.br\/novoportal\/wp-json\/wp\/v2\/comments?post=51664"}],"version-history":[{"count":3,"href":"https:\/\/www.sudoestehoje.com.br\/novoportal\/wp-json\/wp\/v2\/posts\/51664\/revisions"}],"predecessor-version":[{"id":51668,"href":"https:\/\/www.sudoestehoje.com.br\/novoportal\/wp-json\/wp\/v2\/posts\/51664\/revisions\/51668"}],"wp:attachment":[{"href":"https:\/\/www.sudoestehoje.com.br\/novoportal\/wp-json\/wp\/v2\/media?parent=51664"}],"wp:term":[{"taxonomy":"category","embeddable":true,"href":"https:\/\/www.sudoestehoje.com.br\/novoportal\/wp-json\/wp\/v2\/categories?post=51664"},{"taxonomy":"post_tag","embeddable":true,"href":"https:\/\/www.sudoestehoje.com.br\/novoportal\/wp-json\/wp\/v2\/tags?post=51664"}],"curies":[{"name":"wp","href":"https:\/\/api.w.org\/{rel}","templated":true}]}}