
{"id":51658,"date":"2015-08-27T20:06:10","date_gmt":"2015-08-27T23:06:10","guid":{"rendered":"http:\/\/www.sudoestehoje.com.br\/novoportal\/?p=51658"},"modified":"2015-08-28T00:11:00","modified_gmt":"2015-08-28T03:11:00","slug":"sec-divulga-lista-de-aprovados-no-reda","status":"publish","type":"post","link":"https:\/\/www.sudoestehoje.com.br\/novoportal\/2015\/08\/27\/sec-divulga-lista-de-aprovados-no-reda\/","title":{"rendered":"SEC DIVULGA LISTA DE APROVADOS NO REDA"},"content":{"rendered":"<p><a href=\"http:\/\/www.sudoestehoje.com.br\/novoportal\/wp-content\/uploads\/2015\/08\/REDA.jpg\"><img loading=\"lazy\" decoding=\"async\" class=\"aligncenter size-medium wp-image-51659\" src=\"http:\/\/www.sudoestehoje.com.br\/novoportal\/wp-content\/uploads\/2015\/08\/REDA-500x313.jpg\" alt=\"REDA\" width=\"500\" height=\"313\" srcset=\"https:\/\/www.sudoestehoje.com.br\/novoportal\/wp-content\/uploads\/2015\/08\/REDA-500x313.jpg 500w, https:\/\/www.sudoestehoje.com.br\/novoportal\/wp-content\/uploads\/2015\/08\/REDA.jpg 600w\" sizes=\"auto, (max-width: 500px) 100vw, 500px\" \/><\/a><\/p>\n<p>O Di\u00e1rio Oficial do Estado divulgou, nesta quinta-feira (27), o resultado final do processo seletivo simplificado para contrata\u00e7\u00e3o de professores da rede estadual de ensino, por meio do Regime Especial de Direito Administrativo (Reda). As provas foram realizadas no dia 26 de julho para mais de 30 mil candidatos.<\/p>\n<p>A lista com o nome dos aprovados est\u00e1 dispon\u00edvel no <strong><span style=\"color: #0000ff;\"><a style=\"color: #0000ff;\" href=\"http:\/\/www.educacao.ba.gov.br\/\">Portal da Educa\u00e7\u00e3o<\/a>.<\/span><\/strong>\u00a0 A Secretaria da Educa\u00e7\u00e3o do Estado oferece 6.145 vagas, sendo 4.616 para a Educa\u00e7\u00e3o B\u00e1sica, 1.282 para a Educa\u00e7\u00e3o Profissional e 247 para a Educa\u00e7\u00e3o Ind\u00edgena. Das vagas dispon\u00edveis, 30% s\u00e3o reservadas a candidatos negros e 5% a pessoas com defici\u00eancia.<\/p>\n<p>Somente ser\u00e3o convocados, de forma imediata, os aprovados de acordo com o n\u00famero de vagas oferecidas. Os demais candidatos classificados devem aguardar nos pr\u00f3ximos dias a convoca\u00e7\u00e3o. Nesta etapa, os convocados dever\u00e3o se dirigir aos N\u00facleos Regionais de Educa\u00e7\u00e3o (NRE), para os quais se inscreveram, e apresentar a documenta\u00e7\u00e3o necess\u00e1ria, al\u00e9m dos exames m\u00e9dicos constantes na lista de convoca\u00e7\u00e3o.<\/p>\n<p><strong><img decoding=\"async\" class=\"aligncenter\" src=\"http:\/\/www.sudoestehoje.com.br\/novoportal\/wp-content\/uploads\/2014\/09\/supermoda.png\" alt=\"supermoda\" \/><\/strong><\/p>\n","protected":false},"excerpt":{"rendered":"<p>O Di\u00e1rio Oficial do Estado divulgou, nesta quinta-feira (27), o resultado final do processo seletivo simplificado para contrata\u00e7\u00e3o de professores da rede estadual de ensino, por meio do Regime Especial de Direito Administrativo (Reda). As provas foram realizadas no dia 26 de julho para mais de 30 mil candidatos. A lista com o nome dos [&hellip;]<\/p>\n","protected":false},"author":2,"featured_media":0,"comment_status":"open","ping_status":"open","sticky":false,"template":"","format":"standard","meta":{"footnotes":"","_links_to":"","_links_to_target":""},"categories":[1],"tags":[],"class_list":["post-51658","post","type-post","status-publish","format-standard","hentry","category-geral"],"views":2046,"_links":{"self":[{"href":"https:\/\/www.sudoestehoje.com.br\/novoportal\/wp-json\/wp\/v2\/posts\/51658","targetHints":{"allow":["GET"]}}],"collection":[{"href":"https:\/\/www.sudoestehoje.com.br\/novoportal\/wp-json\/wp\/v2\/posts"}],"about":[{"href":"https:\/\/www.sudoestehoje.com.br\/novoportal\/wp-json\/wp\/v2\/types\/post"}],"author":[{"embeddable":true,"href":"https:\/\/www.sudoestehoje.com.br\/novoportal\/wp-json\/wp\/v2\/users\/2"}],"replies":[{"embeddable":true,"href":"https:\/\/www.sudoestehoje.com.br\/novoportal\/wp-json\/wp\/v2\/comments?post=51658"}],"version-history":[{"count":3,"href":"https:\/\/www.sudoestehoje.com.br\/novoportal\/wp-json\/wp\/v2\/posts\/51658\/revisions"}],"predecessor-version":[{"id":51671,"href":"https:\/\/www.sudoestehoje.com.br\/novoportal\/wp-json\/wp\/v2\/posts\/51658\/revisions\/51671"}],"wp:attachment":[{"href":"https:\/\/www.sudoestehoje.com.br\/novoportal\/wp-json\/wp\/v2\/media?parent=51658"}],"wp:term":[{"taxonomy":"category","embeddable":true,"href":"https:\/\/www.sudoestehoje.com.br\/novoportal\/wp-json\/wp\/v2\/categories?post=51658"},{"taxonomy":"post_tag","embeddable":true,"href":"https:\/\/www.sudoestehoje.com.br\/novoportal\/wp-json\/wp\/v2\/tags?post=51658"}],"curies":[{"name":"wp","href":"https:\/\/api.w.org\/{rel}","templated":true}]}}