
{"id":51585,"date":"2015-08-24T18:50:42","date_gmt":"2015-08-24T21:50:42","guid":{"rendered":"http:\/\/www.sudoestehoje.com.br\/novoportal\/?p=51585"},"modified":"2015-08-24T18:51:32","modified_gmt":"2015-08-24T21:51:32","slug":"macarani-registro-de-candidatura-de-armando-porto-e-acatado-pela-justica-eleitoral","status":"publish","type":"post","link":"https:\/\/www.sudoestehoje.com.br\/novoportal\/2015\/08\/24\/macarani-registro-de-candidatura-de-armando-porto-e-acatado-pela-justica-eleitoral\/","title":{"rendered":"MACARANI: REGISTRO DE CANDIDATURA DE ARMANDO PORTO \u00c9 ACATADO PELA JUSTI\u00c7A ELEITORAL"},"content":{"rendered":"<div id=\"attachment_51242\" style=\"width: 510px\" class=\"wp-caption aligncenter\"><a href=\"http:\/\/www.sudoestehoje.com.br\/novoportal\/wp-content\/uploads\/2015\/08\/armando-e-miller.jpg\"><img loading=\"lazy\" decoding=\"async\" aria-describedby=\"caption-attachment-51242\" class=\"size-medium wp-image-51242\" src=\"http:\/\/www.sudoestehoje.com.br\/novoportal\/wp-content\/uploads\/2015\/08\/armando-e-miller-500x300.jpg\" alt=\"ARMANDO PORTO E MILLER FERRAZ FORMAM A CHAPA PARA ELEI\u00c7\u00c3O DE PREFEITO E VICE EM MACARANI\" width=\"500\" height=\"300\" srcset=\"https:\/\/www.sudoestehoje.com.br\/novoportal\/wp-content\/uploads\/2015\/08\/armando-e-miller-500x300.jpg 500w, https:\/\/www.sudoestehoje.com.br\/novoportal\/wp-content\/uploads\/2015\/08\/armando-e-miller-700x420.jpg 700w, https:\/\/www.sudoestehoje.com.br\/novoportal\/wp-content\/uploads\/2015\/08\/armando-e-miller.jpg 960w\" sizes=\"auto, (max-width: 500px) 100vw, 500px\" \/><\/a><p id=\"caption-attachment-51242\" class=\"wp-caption-text\">ARMANDO PORTO E DR. MILLER FERRAZ ENCABE\u00c7AM A COLIGA\u00c7\u00c3O &#8220;MACARANI COM RESPONSABILIDADE&#8221;, COM REGISTRO ACATADO PELA JUSTI\u00c7A ELEITORAL<\/p><\/div>\n<p>Neste domingo (23), a Ju\u00edza Eleitoral da Comarca de Macarani deferiu o pedido de registro da coliga\u00e7\u00e3o &#8220;Macarani com Responsabilidade&#8221;, encabe\u00e7ada pelo ex-prefeito Armando Porto (PSD), que tem como candidato a vice-prefeito o m\u00e9dico Dr. Miller Ferraz.<\/p>\n<p>Com a decis\u00e3o da magistrada, caem por terra todas as especula\u00e7\u00f5es sobre quaisquer restri\u00e7\u00f5es \u00e0 candidatura de Armando Porto, at\u00e9 porque n\u00e3o houve sequer impugna\u00e7\u00e3o ao seu registro, dentro do prazo estabelecido pela lei eleitoral.<\/p>\n<p>A justi\u00e7a tamb\u00e9m considerou regular o pedido de registro do candidato a prefeito Olisandro Nogueira (PP) e seu vice, que concorrer\u00e3o \u00e0 elei\u00e7\u00e3o suplementar do munic\u00edpio, em 4 de outubro pr\u00f3ximo.<\/p>\n<p>Confira a decis\u00e3o da Ju\u00edza Eleitoral:<\/p>\n<p><a href=\"http:\/\/www.sudoestehoje.com.br\/novoportal\/wp-content\/uploads\/2015\/08\/senten\u00e7a-armando.jpg\"><img loading=\"lazy\" decoding=\"async\" class=\"aligncenter size-medium wp-image-51586\" src=\"http:\/\/www.sudoestehoje.com.br\/novoportal\/wp-content\/uploads\/2015\/08\/senten\u00e7a-armando-500x667.jpg\" alt=\"senten\u00e7a armando\" width=\"500\" height=\"667\" srcset=\"https:\/\/www.sudoestehoje.com.br\/novoportal\/wp-content\/uploads\/2015\/08\/senten\u00e7a-armando-500x667.jpg 500w, https:\/\/www.sudoestehoje.com.br\/novoportal\/wp-content\/uploads\/2015\/08\/senten\u00e7a-armando-675x900.jpg 675w, https:\/\/www.sudoestehoje.com.br\/novoportal\/wp-content\/uploads\/2015\/08\/senten\u00e7a-armando.jpg 720w\" sizes=\"auto, (max-width: 500px) 100vw, 500px\" \/><\/a><\/p>\n","protected":false},"excerpt":{"rendered":"<p>Neste domingo (23), a Ju\u00edza Eleitoral da Comarca de Macarani deferiu o pedido de registro da coliga\u00e7\u00e3o &#8220;Macarani com Responsabilidade&#8221;, encabe\u00e7ada pelo ex-prefeito Armando Porto (PSD), que tem como candidato a vice-prefeito o m\u00e9dico Dr. Miller Ferraz. Com a decis\u00e3o da magistrada, caem por terra todas as especula\u00e7\u00f5es sobre quaisquer restri\u00e7\u00f5es \u00e0 candidatura de Armando [&hellip;]<\/p>\n","protected":false},"author":2,"featured_media":0,"comment_status":"open","ping_status":"open","sticky":false,"template":"","format":"standard","meta":{"footnotes":"","_links_to":"","_links_to_target":""},"categories":[1],"tags":[],"class_list":["post-51585","post","type-post","status-publish","format-standard","hentry","category-geral"],"views":2000,"_links":{"self":[{"href":"https:\/\/www.sudoestehoje.com.br\/novoportal\/wp-json\/wp\/v2\/posts\/51585","targetHints":{"allow":["GET"]}}],"collection":[{"href":"https:\/\/www.sudoestehoje.com.br\/novoportal\/wp-json\/wp\/v2\/posts"}],"about":[{"href":"https:\/\/www.sudoestehoje.com.br\/novoportal\/wp-json\/wp\/v2\/types\/post"}],"author":[{"embeddable":true,"href":"https:\/\/www.sudoestehoje.com.br\/novoportal\/wp-json\/wp\/v2\/users\/2"}],"replies":[{"embeddable":true,"href":"https:\/\/www.sudoestehoje.com.br\/novoportal\/wp-json\/wp\/v2\/comments?post=51585"}],"version-history":[{"count":2,"href":"https:\/\/www.sudoestehoje.com.br\/novoportal\/wp-json\/wp\/v2\/posts\/51585\/revisions"}],"predecessor-version":[{"id":51588,"href":"https:\/\/www.sudoestehoje.com.br\/novoportal\/wp-json\/wp\/v2\/posts\/51585\/revisions\/51588"}],"wp:attachment":[{"href":"https:\/\/www.sudoestehoje.com.br\/novoportal\/wp-json\/wp\/v2\/media?parent=51585"}],"wp:term":[{"taxonomy":"category","embeddable":true,"href":"https:\/\/www.sudoestehoje.com.br\/novoportal\/wp-json\/wp\/v2\/categories?post=51585"},{"taxonomy":"post_tag","embeddable":true,"href":"https:\/\/www.sudoestehoje.com.br\/novoportal\/wp-json\/wp\/v2\/tags?post=51585"}],"curies":[{"name":"wp","href":"https:\/\/api.w.org\/{rel}","templated":true}]}}