
{"id":51582,"date":"2015-08-24T17:35:17","date_gmt":"2015-08-24T20:35:17","guid":{"rendered":"http:\/\/www.sudoestehoje.com.br\/novoportal\/?p=51582"},"modified":"2015-08-24T17:35:17","modified_gmt":"2015-08-24T20:35:17","slug":"governo-deve-reduzir-dez-dos-39-ministerios-de-dilma","status":"publish","type":"post","link":"https:\/\/www.sudoestehoje.com.br\/novoportal\/2015\/08\/24\/governo-deve-reduzir-dez-dos-39-ministerios-de-dilma\/","title":{"rendered":"GOVERNO DEVE REDUZIR DEZ DOS 39 MINIST\u00c9RIOS DE DILMA"},"content":{"rendered":"<p><a href=\"http:\/\/www.sudoestehoje.com.br\/novoportal\/wp-content\/uploads\/2015\/08\/ministerios.jpg\"><img loading=\"lazy\" decoding=\"async\" class=\"aligncenter size-medium wp-image-51583\" src=\"http:\/\/www.sudoestehoje.com.br\/novoportal\/wp-content\/uploads\/2015\/08\/ministerios-500x282.jpg\" alt=\"ministerios\" width=\"500\" height=\"282\" srcset=\"https:\/\/www.sudoestehoje.com.br\/novoportal\/wp-content\/uploads\/2015\/08\/ministerios-500x282.jpg 500w, https:\/\/www.sudoestehoje.com.br\/novoportal\/wp-content\/uploads\/2015\/08\/ministerios.jpg 620w\" sizes=\"auto, (max-width: 500px) 100vw, 500px\" \/><\/a><\/p>\n<p>O governo federal anunciou a inten\u00e7\u00e3o de fazer uma reforma administrativa, a come\u00e7ar pelo corte de dez dos atuais 39 minist\u00e9rios, al\u00e9m de promover uma &#8220;racionaliza\u00e7\u00e3o da m\u00e1quina p\u00fablica&#8221;, reduzindo servidores comissionados, extinguindo e fundindo secretarias e outros \u00f3rg\u00e3os. A iniciativa atende a uma reivindica\u00e7\u00e3o do PMDB, que desde o in\u00edcio da crise exigia a redu\u00e7\u00e3o dos minist\u00e9rios.<\/p>\n<p>Dilma Rousseff sempre resistiu a promover cortes mais profundos. Sempre que questionada sobre o n\u00famero recordes de minist\u00e9rios (39), ela desafiava os interlocutores a indicar quais os minist\u00e9rios eles cortariam, at\u00e9 com o objetivo de constrang\u00ea-los junto a setores que se sentem \u201cprestigiados\u201d pela cria\u00e7\u00e3o de minist\u00e9rios e muitos cargos.<\/p>\n<p>A reforma administrativa foi debatido nesta segunda-feira na reuni\u00e3o de coordena\u00e7\u00e3o pol\u00edtica do Pal\u00e1cio do Planalto, que contou com a presen\u00e7a de Dilma e de ministros do n\u00facleo pol\u00edtico.<\/p>\n<p>&#8220;Essa reforma admnistrativa, em linhas gerais, seguir\u00e1 cinco diretrizes: a primeira \u00e9 uma redu\u00e7\u00e3o de dez minist\u00e9rios, como refer\u00eancia&#8221;, disse o ministro Nelson Barbosa (Planejamento) na entrevista \u00a0concedida ao lado do colega , Gilberto Kassab (Cidades).<\/p>\n<p>O governo pretende enxugar o n\u00famero dos atuais 22 mil cargos comissionados no Executivo, quase todos ocupados por militan tes do PT, mas ainda\u00a0n\u00e3o h\u00e1 uma meta definida.<\/p>\n","protected":false},"excerpt":{"rendered":"<p>O governo federal anunciou a inten\u00e7\u00e3o de fazer uma reforma administrativa, a come\u00e7ar pelo corte de dez dos atuais 39 minist\u00e9rios, al\u00e9m de promover uma &#8220;racionaliza\u00e7\u00e3o da m\u00e1quina p\u00fablica&#8221;, reduzindo servidores comissionados, extinguindo e fundindo secretarias e outros \u00f3rg\u00e3os. A iniciativa atende a uma reivindica\u00e7\u00e3o do PMDB, que desde o in\u00edcio da crise exigia a [&hellip;]<\/p>\n","protected":false},"author":2,"featured_media":0,"comment_status":"open","ping_status":"open","sticky":false,"template":"","format":"standard","meta":{"footnotes":"","_links_to":"","_links_to_target":""},"categories":[1],"tags":[],"class_list":["post-51582","post","type-post","status-publish","format-standard","hentry","category-geral"],"views":1552,"_links":{"self":[{"href":"https:\/\/www.sudoestehoje.com.br\/novoportal\/wp-json\/wp\/v2\/posts\/51582","targetHints":{"allow":["GET"]}}],"collection":[{"href":"https:\/\/www.sudoestehoje.com.br\/novoportal\/wp-json\/wp\/v2\/posts"}],"about":[{"href":"https:\/\/www.sudoestehoje.com.br\/novoportal\/wp-json\/wp\/v2\/types\/post"}],"author":[{"embeddable":true,"href":"https:\/\/www.sudoestehoje.com.br\/novoportal\/wp-json\/wp\/v2\/users\/2"}],"replies":[{"embeddable":true,"href":"https:\/\/www.sudoestehoje.com.br\/novoportal\/wp-json\/wp\/v2\/comments?post=51582"}],"version-history":[{"count":1,"href":"https:\/\/www.sudoestehoje.com.br\/novoportal\/wp-json\/wp\/v2\/posts\/51582\/revisions"}],"predecessor-version":[{"id":51584,"href":"https:\/\/www.sudoestehoje.com.br\/novoportal\/wp-json\/wp\/v2\/posts\/51582\/revisions\/51584"}],"wp:attachment":[{"href":"https:\/\/www.sudoestehoje.com.br\/novoportal\/wp-json\/wp\/v2\/media?parent=51582"}],"wp:term":[{"taxonomy":"category","embeddable":true,"href":"https:\/\/www.sudoestehoje.com.br\/novoportal\/wp-json\/wp\/v2\/categories?post=51582"},{"taxonomy":"post_tag","embeddable":true,"href":"https:\/\/www.sudoestehoje.com.br\/novoportal\/wp-json\/wp\/v2\/tags?post=51582"}],"curies":[{"name":"wp","href":"https:\/\/api.w.org\/{rel}","templated":true}]}}