
{"id":51575,"date":"2015-08-24T01:53:21","date_gmt":"2015-08-24T04:53:21","guid":{"rendered":"http:\/\/www.sudoestehoje.com.br\/novoportal\/?p=51575"},"modified":"2015-08-24T02:00:27","modified_gmt":"2015-08-24T05:00:27","slug":"uniao-marca-convencoes-do-democratas-em-itabuna-e-itapetinga","status":"publish","type":"post","link":"https:\/\/www.sudoestehoje.com.br\/novoportal\/2015\/08\/24\/uniao-marca-convencoes-do-democratas-em-itabuna-e-itapetinga\/","title":{"rendered":"UNI\u00c3O MARCA CONVEN\u00c7\u00d5ES DO DEMOCRATAS EM ITABUNA E ITAPETINGA"},"content":{"rendered":"<p class=\"yiv9999734560MsoNormal\"><a href=\"http:\/\/www.sudoestehoje.com.br\/novoportal\/wp-content\/uploads\/2015\/08\/ALELUIA.jpg\"><img loading=\"lazy\" decoding=\"async\" class=\"aligncenter size-medium wp-image-51576\" src=\"http:\/\/www.sudoestehoje.com.br\/novoportal\/wp-content\/uploads\/2015\/08\/ALELUIA-500x281.jpg\" alt=\"ALELUIA\" width=\"500\" height=\"281\" srcset=\"https:\/\/www.sudoestehoje.com.br\/novoportal\/wp-content\/uploads\/2015\/08\/ALELUIA-500x281.jpg 500w, https:\/\/www.sudoestehoje.com.br\/novoportal\/wp-content\/uploads\/2015\/08\/ALELUIA-700x393.jpg 700w, https:\/\/www.sudoestehoje.com.br\/novoportal\/wp-content\/uploads\/2015\/08\/ALELUIA.jpg 1600w\" sizes=\"auto, (max-width: 500px) 100vw, 500px\" \/><\/a><\/p>\n<p id=\"yui_3_16_0_1_1440391317570_4234\" class=\"yiv9999734560MsoNormal\"><span id=\"yui_3_16_0_1_1440391317570_4236\">A uni\u00e3o das oposi\u00e7\u00f5es marcou a Conven\u00e7\u00e3o Municipal do Democratas em Itabuna, na tarde do \u00faltimo s\u00e1bado (23). Representantes do PSDB e PMDB participaram do evento, onde o ex-prefeito da cidade, Fernando Gomes, filiou-se ao partido.<\/span><\/p>\n<p id=\"yui_3_16_0_1_1440391317570_4267\" class=\"yiv9999734560MsoNormal\"><span id=\"yui_3_16_0_1_1440391317570_4268\">\u201cO Democratas cresce e est\u00e1 cada vez mais forte, ao contr\u00e1rio do que preconizaram estupidamente nossos advers\u00e1rios\u201d, afirmou o presidente estadual do partido, deputado federal Jos\u00e9 Carlos Aleluia. Para ele, o \u00a0PT \u00e9 que est\u00e1 amea\u00e7ado de acabar devido \u00e0 roubalheira de tantos petistas.<\/span><\/p>\n<p class=\"yiv9999734560MsoNormal\"><span id=\"yui_3_16_0_1_1440391317570_4271\">Ao lado dos deputados estaduais Sandro R\u00e9gis (DEM) e Augusto Castro (PSDB), Aleluia destacou a for\u00e7a das oposi\u00e7\u00f5es em Itabuna. \u201cS\u00f3 o nosso partido tem aqui quatro pr\u00e9-candidatos a prefeito: os ex Fernando Gomes e Capit\u00e3o Azevedo, o ex-vice Dr. Viana e o vereador Ronald\u00e3o\u201d.<\/span><\/p>\n<p class=\"yiv9999734560MsoNormal\"><a href=\"http:\/\/www.sudoestehoje.com.br\/novoportal\/wp-content\/uploads\/2015\/08\/d-3.jpg\"><img loading=\"lazy\" decoding=\"async\" class=\"aligncenter size-medium wp-image-51527\" src=\"http:\/\/www.sudoestehoje.com.br\/novoportal\/wp-content\/uploads\/2015\/08\/d-3-500x300.jpg\" alt=\"d 3\" width=\"500\" height=\"300\" srcset=\"https:\/\/www.sudoestehoje.com.br\/novoportal\/wp-content\/uploads\/2015\/08\/d-3-500x300.jpg 500w, https:\/\/www.sudoestehoje.com.br\/novoportal\/wp-content\/uploads\/2015\/08\/d-3-700x420.jpg 700w, https:\/\/www.sudoestehoje.com.br\/novoportal\/wp-content\/uploads\/2015\/08\/d-3.jpg 960w\" sizes=\"auto, (max-width: 500px) 100vw, 500px\" \/><\/a><\/p>\n<p class=\"yiv9999734560MsoNormal\"><span id=\"yui_3_16_0_1_1440391317570_4273\">Pela manh\u00e3, ainda no s\u00e1bado, houve a conven\u00e7\u00e3o de Itapetinga, que lotou a C\u00e2mara Municipal. O evento pol\u00edtico tamb\u00e9m selou a uni\u00e3o das oposi\u00e7\u00f5es, com a presen\u00e7a dos ex-prefeitos e antigos advers\u00e1rios, Jos\u00e9 Ot\u00e1vio (DEM) e Michel Hage (PMDB). Presente, o ex-deputado Heraldo Rocha foi homenageado.<\/span><\/p>\n<p id=\"yui_3_16_0_1_1440391317570_4282\" class=\"yiv9999734560MsoNormal\"><span id=\"yui_3_16_0_1_1440391317570_4283\">\u201cNas \u00faltimas elei\u00e7\u00f5es municipais, o Democratas foi o partido que teve mais votos na Bahia. Estamos caminhando para obter um resultado ainda melhor no ano que vem\u201d, destacou Aleluia, em Itapetinga. As conven\u00e7\u00f5es municipais do Democratas continuam a ser realizadas at\u00e9 o final do m\u00eas. Ascom Aleluia<\/span><\/p>\n<p class=\"yiv9999734560MsoNormal\"><img decoding=\"async\" class=\"aligncenter\" src=\"http:\/\/www.sudoestehoje.com.br\/novoportal\/wp-content\/uploads\/2014\/09\/supermoda.png\" alt=\"supermoda\" \/><\/p>\n","protected":false},"excerpt":{"rendered":"<p>A uni\u00e3o das oposi\u00e7\u00f5es marcou a Conven\u00e7\u00e3o Municipal do Democratas em Itabuna, na tarde do \u00faltimo s\u00e1bado (23). Representantes do PSDB e PMDB participaram do evento, onde o ex-prefeito da cidade, Fernando Gomes, filiou-se ao partido. \u201cO Democratas cresce e est\u00e1 cada vez mais forte, ao contr\u00e1rio do que preconizaram estupidamente nossos advers\u00e1rios\u201d, afirmou o [&hellip;]<\/p>\n","protected":false},"author":2,"featured_media":0,"comment_status":"open","ping_status":"open","sticky":false,"template":"","format":"standard","meta":{"footnotes":"","_links_to":"","_links_to_target":""},"categories":[1],"tags":[],"class_list":["post-51575","post","type-post","status-publish","format-standard","hentry","category-geral"],"views":1549,"_links":{"self":[{"href":"https:\/\/www.sudoestehoje.com.br\/novoportal\/wp-json\/wp\/v2\/posts\/51575","targetHints":{"allow":["GET"]}}],"collection":[{"href":"https:\/\/www.sudoestehoje.com.br\/novoportal\/wp-json\/wp\/v2\/posts"}],"about":[{"href":"https:\/\/www.sudoestehoje.com.br\/novoportal\/wp-json\/wp\/v2\/types\/post"}],"author":[{"embeddable":true,"href":"https:\/\/www.sudoestehoje.com.br\/novoportal\/wp-json\/wp\/v2\/users\/2"}],"replies":[{"embeddable":true,"href":"https:\/\/www.sudoestehoje.com.br\/novoportal\/wp-json\/wp\/v2\/comments?post=51575"}],"version-history":[{"count":5,"href":"https:\/\/www.sudoestehoje.com.br\/novoportal\/wp-json\/wp\/v2\/posts\/51575\/revisions"}],"predecessor-version":[{"id":51581,"href":"https:\/\/www.sudoestehoje.com.br\/novoportal\/wp-json\/wp\/v2\/posts\/51575\/revisions\/51581"}],"wp:attachment":[{"href":"https:\/\/www.sudoestehoje.com.br\/novoportal\/wp-json\/wp\/v2\/media?parent=51575"}],"wp:term":[{"taxonomy":"category","embeddable":true,"href":"https:\/\/www.sudoestehoje.com.br\/novoportal\/wp-json\/wp\/v2\/categories?post=51575"},{"taxonomy":"post_tag","embeddable":true,"href":"https:\/\/www.sudoestehoje.com.br\/novoportal\/wp-json\/wp\/v2\/tags?post=51575"}],"curies":[{"name":"wp","href":"https:\/\/api.w.org\/{rel}","templated":true}]}}