
{"id":51560,"date":"2015-08-23T19:55:32","date_gmt":"2015-08-23T22:55:32","guid":{"rendered":"http:\/\/www.sudoestehoje.com.br\/novoportal\/?p=51560"},"modified":"2015-08-24T01:31:41","modified_gmt":"2015-08-24T04:31:41","slug":"caatiba-vereador-carlinhos-e-excluido-de-reunioes-e-articulacoes-do-pmdb","status":"publish","type":"post","link":"https:\/\/www.sudoestehoje.com.br\/novoportal\/2015\/08\/23\/caatiba-vereador-carlinhos-e-excluido-de-reunioes-e-articulacoes-do-pmdb\/","title":{"rendered":"CAATIBA: VEREADOR CARLINHOS \u00c9 EXCLU\u00cdDO DE REUNI\u00d5ES E ARTICULA\u00c7\u00d5ES DO PMDB"},"content":{"rendered":"<p><a href=\"http:\/\/www.sudoestehoje.com.br\/novoportal\/wp-content\/uploads\/2015\/08\/carlinhos-vereador.jpg\"><img loading=\"lazy\" decoding=\"async\" class=\"aligncenter size-medium wp-image-51561\" src=\"http:\/\/www.sudoestehoje.com.br\/novoportal\/wp-content\/uploads\/2015\/08\/carlinhos-vereador-500x305.jpg\" alt=\"carlinhos vereador\" width=\"500\" height=\"305\" srcset=\"https:\/\/www.sudoestehoje.com.br\/novoportal\/wp-content\/uploads\/2015\/08\/carlinhos-vereador-500x305.jpg 500w, https:\/\/www.sudoestehoje.com.br\/novoportal\/wp-content\/uploads\/2015\/08\/carlinhos-vereador.jpg 640w\" sizes=\"auto, (max-width: 500px) 100vw, 500px\" \/><\/a><\/p>\n<p>Apesar de ser um dos pol\u00edticos mais atuantes de toda a hist\u00f3ria do PMDB em Caatiba, o vereador Carlinhos vem se queixando de discrimina\u00e7\u00e3o por parte da c\u00fapula do seu partido, por ter sido exclu\u00eddo de todas as reuni\u00f5es e decis\u00f5es do grupo e do diret\u00f3rio local, que \u00e9 controlado pelo ex-prefeito Omar Barbosa, seu antigo correligion\u00e1rio.<\/p>\n<p>A queixa do vereador, segundo informa\u00e7\u00f5es colhidas pelo Sudoeste Hoje, tem total proced\u00eancia, e um exemplo disto foi uma recente reuni\u00e3o dos velhos e novos caciques do partido no distrito de S\u00e3o Jos\u00e9 do Col\u00f4nia, quando o vereador n\u00e3o foi sequer informado, deixando, assim, de participar.<\/p>\n<p>Segundo a mesma fonte, a raz\u00e3o para a exclus\u00e3o do importante vereador das decis\u00f5es e eventos do partido \u00e9 o fato dele ter recebido apoio do atual prefeito Junior Mendes, advers\u00e1rio do PMDB, aos seus requerimentos e indica\u00e7\u00f5es na c\u00e2mara municipal, depois que os velhos e novos l\u00edderes do seu partido o deixaram no mais completo abandono, ao lado de outros importantes militantes e cabos eleitorais da cidade.<\/p>\n<p>O vereador Carlinhos tem uma longa hist\u00f3ria dentro do PMDB e teve papel important\u00edssimo na vitoriosa elei\u00e7\u00e3o de 2008, que conduziu Omar Barbosa ao cargo de prefeito da cidade. Pena que a administra\u00e7\u00e3o de Omar resultou em um enorme fracasso, deixando toda a sua base de apoio \u00e0 deriva.<\/p>\n<p><strong><em>Por Davi Ferraz<\/em><\/strong><\/p>\n<p><img decoding=\"async\" class=\" aligncenter\" src=\"http:\/\/img.blogdoanderson.com\/publicidade\/cristo-redentor-02-15.jpg\" alt=\"\" \/><\/p>\n","protected":false},"excerpt":{"rendered":"<p>Apesar de ser um dos pol\u00edticos mais atuantes de toda a hist\u00f3ria do PMDB em Caatiba, o vereador Carlinhos vem se queixando de discrimina\u00e7\u00e3o por parte da c\u00fapula do seu partido, por ter sido exclu\u00eddo de todas as reuni\u00f5es e decis\u00f5es do grupo e do diret\u00f3rio local, que \u00e9 controlado pelo ex-prefeito Omar Barbosa, seu [&hellip;]<\/p>\n","protected":false},"author":2,"featured_media":0,"comment_status":"open","ping_status":"open","sticky":false,"template":"","format":"standard","meta":{"footnotes":"","_links_to":"","_links_to_target":""},"categories":[1],"tags":[],"class_list":["post-51560","post","type-post","status-publish","format-standard","hentry","category-geral"],"views":1419,"_links":{"self":[{"href":"https:\/\/www.sudoestehoje.com.br\/novoportal\/wp-json\/wp\/v2\/posts\/51560","targetHints":{"allow":["GET"]}}],"collection":[{"href":"https:\/\/www.sudoestehoje.com.br\/novoportal\/wp-json\/wp\/v2\/posts"}],"about":[{"href":"https:\/\/www.sudoestehoje.com.br\/novoportal\/wp-json\/wp\/v2\/types\/post"}],"author":[{"embeddable":true,"href":"https:\/\/www.sudoestehoje.com.br\/novoportal\/wp-json\/wp\/v2\/users\/2"}],"replies":[{"embeddable":true,"href":"https:\/\/www.sudoestehoje.com.br\/novoportal\/wp-json\/wp\/v2\/comments?post=51560"}],"version-history":[{"count":3,"href":"https:\/\/www.sudoestehoje.com.br\/novoportal\/wp-json\/wp\/v2\/posts\/51560\/revisions"}],"predecessor-version":[{"id":51572,"href":"https:\/\/www.sudoestehoje.com.br\/novoportal\/wp-json\/wp\/v2\/posts\/51560\/revisions\/51572"}],"wp:attachment":[{"href":"https:\/\/www.sudoestehoje.com.br\/novoportal\/wp-json\/wp\/v2\/media?parent=51560"}],"wp:term":[{"taxonomy":"category","embeddable":true,"href":"https:\/\/www.sudoestehoje.com.br\/novoportal\/wp-json\/wp\/v2\/categories?post=51560"},{"taxonomy":"post_tag","embeddable":true,"href":"https:\/\/www.sudoestehoje.com.br\/novoportal\/wp-json\/wp\/v2\/tags?post=51560"}],"curies":[{"name":"wp","href":"https:\/\/api.w.org\/{rel}","templated":true}]}}